{"id":10125,"date":"2026-08-31T15:33:15","date_gmt":"2026-08-31T13:33:15","guid":{"rendered":"https:\/\/www.tw24.net\/?p=10125"},"modified":"2026-08-31T15:33:15","modified_gmt":"2026-08-31T13:33:15","slug":"distanzproblem","status":"publish","type":"post","link":"https:\/\/www.tw24.net\/?p=10125","title":{"rendered":"Distanzproblem"},"content":{"rendered":"<p>Auch in den vergangenen Tagen ist es israelischen Sicherheitskr\u00e4ften nicht gelungen, die Situation um die Ortschaft Qusra in den umstrittenen Gebieten zu beruhigen und unter ihre Kontrolle zu bringen. Extremisten belagern dort bereits seit mehreren von \u00bbPal\u00e4stinensern\u00ab bewohnte Grundst\u00fccke und hindern diese auch mit Gewalt daran, ihren allt\u00e4glichen Aktivit\u00e4ten nachzugehen. In den letzten Tagen sollen die Extremisten in ein bewohntes Haus eingedrungen sein.<\/p>\n<p>Dr\u00fcckte sich der israelische Premier Benjamin Netanjahu lange, zu lange, davor, sich von den Extremisten, die mit ihrem verantwortungslosen Verhalten die Autorit\u00e4t der israelischen Sicherheitskr\u00e4fte und die Souver\u00e4nit\u00e4t <i>des<\/i> j\u00fcdischen Staates offen untergraben, zu distanzieren, hat er in einer <a href=\"https:\/\/www.gov.il\/en\/pages\/spoke-violence300826\">Stellungnahme<\/a> jetzt die \u00bbkriminelle Gewalt einiger gesetzloser Randalierer\u00ab verurteilt, die mit ihren Taten dem \u00bbAnsehen der gesetzestreuen j\u00fcdischen Gemeinschaft\u00ab schadeten.<\/p>\n<p>Ist dem Likud-Vorsitzenden in seiner Einsch\u00e4tzung zwar kaum zu widersprechen, wirkte sie gleichwohl glaubw\u00fcrdiger, versuchte Benjamin Netanjahu nicht selbst, sie gleich wieder zu verw\u00e4ssern: In einem Interview <a href=\"https:\/\/www.jpost.com\/israel-news\/politics-and-diplomacy\/article-907076\">warb<\/a> er fast schon um Verst\u00e4ndnis f\u00fcr jene, die und deren Vorgehen gegen \u00bbPal\u00e4stinenser\u00ab er eben noch \u00bbgesetzlos\u00ab genannt hatte, indem er ihnen entschuldigend ein Leben in \u00bbschwierigen Verh\u00e4ltnissen\u00ab und voller Herausforderungen attestierte.<\/p>\n<p>Welche Botschaft sendet ihr amtierender Regierungschef damit all jenen Menschen, die, ob nun in Tel Aviv oder in Ari&#8217;el, sich m\u00fchen, ein Leben im Einklang mit den Gesetzen zu f\u00fchren? Und wie kommen seine Ausf\u00fchrungen erst recht bei denen an, die Tag f\u00fcr Tag und oft unter Einsatz von Gesundheit und Leben Gesetz und Rechtsstaat sch\u00fctzen und verteidigen sollen? Benjamin Netanjahu scheint mehr und mehr zu vergessen, wessen Ministerpr\u00e4sident er &#8211; noch &#8211; ist.<\/p>\n","protected":false},"excerpt":{"rendered":"<p>Auch in den vergangenen Tagen ist es israelischen Sicherheitskr\u00e4ften nicht gelungen, die Situation um die Ortschaft Qusra in den umstrittenen Gebieten zu beruhigen und unter ihre Kontrolle zu bringen. Extremisten belagern dort bereits seit mehreren von \u00bbPal\u00e4stinensern\u00ab bewohnte Grundst\u00fccke und hindern diese auch mit Gewalt daran, ihren allt\u00e4glichen Aktivit\u00e4ten nachzugehen. In den letzten Tagen sollen [&hellip;]<\/p>\n","protected":false},"author":1,"featured_media":0,"comment_status":"open","ping_status":"open","sticky":false,"template":"","format":"standard","meta":{"footnotes":""},"categories":[2],"tags":[63,127,194,331,374],"class_list":["post-10125","post","type-post","status-publish","format-standard","hentry","category-allgemein","tag-benjamin-netanjahu","tag-extremismus","tag-israel","tag-rechtsstaat","tag-terrorismus"],"_links":{"self":[{"href":"https:\/\/www.tw24.net\/index.php?rest_route=\/wp\/v2\/posts\/10125","targetHints":{"allow":["GET"]}}],"collection":[{"href":"https:\/\/www.tw24.net\/index.php?rest_route=\/wp\/v2\/posts"}],"about":[{"href":"https:\/\/www.tw24.net\/index.php?rest_route=\/wp\/v2\/types\/post"}],"author":[{"embeddable":true,"href":"https:\/\/www.tw24.net\/index.php?rest_route=\/wp\/v2\/users\/1"}],"replies":[{"embeddable":true,"href":"https:\/\/www.tw24.net\/index.php?rest_route=%2Fwp%2Fv2%2Fcomments&post=10125"}],"version-history":[{"count":1,"href":"https:\/\/www.tw24.net\/index.php?rest_route=\/wp\/v2\/posts\/10125\/revisions"}],"predecessor-version":[{"id":10126,"href":"https:\/\/www.tw24.net\/index.php?rest_route=\/wp\/v2\/posts\/10125\/revisions\/10126"}],"wp:attachment":[{"href":"https:\/\/www.tw24.net\/index.php?rest_route=%2Fwp%2Fv2%2Fmedia&parent=10125"}],"wp:term":[{"taxonomy":"category","embeddable":true,"href":"https:\/\/www.tw24.net\/index.php?rest_route=%2Fwp%2Fv2%2Fcategories&post=10125"},{"taxonomy":"post_tag","embeddable":true,"href":"https:\/\/www.tw24.net\/index.php?rest_route=%2Fwp%2Fv2%2Ftags&post=10125"}],"curies":[{"name":"wp","href":"https:\/\/api.w.org\/{rel}","templated":true}]}}