{"id":10132,"date":"2026-09-02T14:22:03","date_gmt":"2026-09-02T12:22:03","guid":{"rendered":"https:\/\/www.tw24.net\/?p=10132"},"modified":"2026-09-02T14:23:19","modified_gmt":"2026-09-02T12:23:19","slug":"entlarvender-hilferuf-3","status":"publish","type":"post","link":"https:\/\/www.tw24.net\/?p=10132","title":{"rendered":"Entlarvender Hilferuf"},"content":{"rendered":"<p>Am Dienstag hat in Israel das neue Schuljahr begonnen. An zahlreichen \u00f6ffentlichen Schulen in Jerusalem, die von der Stadt betrieben und von arabischen Sch\u00fclern besucht werden, wird in diesem Jahr damit begonnen, nach israelischen Lehrpl\u00e4nen zu unterrichten. Von der \u00c4nderung profitieren etwa 45.000 Kinder an 105 Schulen in (Ost-)Jerusalem, die bisher nach den Vorstellungen des Regimes in Ramallah indoktriniert wurden.<\/p>\n<p>Die \u00bbLehrpl\u00e4ne\u00ab des PLO-Regimes, die in den 1990ern die bis dahin in (Ost-)Jerusalem verwendeten jordanischen abl\u00f6sten, geh\u00f6ren nach der langj\u00e4hrigen <a href=\"https:\/\/www.eureporter.co\/frontpage\/2020\/05\/18\/european-parliament-passes-resolutions-condemning-palestinian-failure-to-stop-hate-in-school-textbooks\/\">\u00dcberzeugung<\/a> etwa des Europ\u00e4ischen Parlaments zu den weltweit schlimmsten. Im April 2026 <a href=\"https:\/\/www.eureporter.co\/world\/israel\/palestinian-authority-pa\/2026\/05\/04\/european-parliament-urges-funding-freeze-over-pa-textbook-hate\/\">verurteilten<\/a> die Parlamentarier in ihren allj\u00e4hlichen Haushaltsberatungen zum siebten Mal in Folge Lehrinhalte, die Gewalt und Terrorismus verherrlichen und Antisemitismus s\u00e4en und verbreiten.<\/p>\n<p>Zwar hat Ramallah, zuletzt gegen\u00fcber der EU, durchaus \u00bbReformen\u00ab <a href=\"https:\/\/enlargement.ec.europa.eu\/letter-intent-between-palestinian-authority-and-european-commission_en\">zugesagt<\/a>, doch will zwischenzeitlich nicht einmal mehr die ihrer gro\u00dfe N\u00e4he zur Hamas wegen ber\u00fcchtigte UNRWA darauf warten. \u00bbZum Beispiel haben <i>wir<\/i> [..] die Geschichte von Dalal Mughrabi aus dem Arabischunterricht f\u00fcr das f\u00fcnfte Schuljahr gestrichen\u00ab, <a href=\"https:\/\/www.welt.de\/politik\/ausland\/article69282589bbe1e4af2f862f55\/unrwa-chef-die-palaestinensischen-lehrbuecher-werden-derzeit-auf-druck-der-eu-reformiert.html\">erkl\u00e4rte<\/a> Ende 2025 ein Vertreter des \u00bbHilfswerks der Vereinten Nationen f\u00fcr Pal\u00e4stina-Fl\u00fcchtlinge im Nahen Osten\u00ab.<\/p>\n<p>Dennoch schreckt Ramallah nicht davor zur\u00fcck, die Staatengemeinschaft <a href=\"https:\/\/english.wafa.ps\/Pages\/Details\/174288\">aufzufordern<\/a>, \u00bbwirksame Ma\u00dfnahmen gegen das israelische Vorgehen gegen pal\u00e4stinensische Schulen\u00ab im \u00bbbesetzten\u00ab Jerusalem zu ergreifen. Mit ihrem \u00bbHilferuf\u00ab bekr\u00e4ftigt die Clique um \u00bbPr\u00e4sident\u00ab Abu Mazen, an ihren \u00bbLehrpl\u00e4nen\u00ab festhalten zu wollen, an ihrer Verherrlichung von Gewalt, an ihrer ha\u00dferf\u00fcllten Indoktrination. Es war \u00fcberf\u00e4llig, da\u00df Jerusalem handelte.<\/p>\n","protected":false},"excerpt":{"rendered":"<p>Am Dienstag hat in Israel das neue Schuljahr begonnen. An zahlreichen \u00f6ffentlichen Schulen in Jerusalem, die von der Stadt betrieben und von arabischen Sch\u00fclern besucht werden, wird in diesem Jahr damit begonnen, nach israelischen Lehrpl\u00e4nen zu unterrichten. Von der \u00c4nderung profitieren etwa 45.000 Kinder an 105 Schulen in (Ost-)Jerusalem, die bisher nach den Vorstellungen des [&hellip;]<\/p>\n","protected":false},"author":1,"featured_media":0,"comment_status":"open","ping_status":"open","sticky":false,"template":"","format":"standard","meta":{"footnotes":""},"categories":[2],"tags":[11,16,38,120,123,124,130,194,212,252,313,374,389,399],"class_list":["post-10132","post","type-post","status-publish","format-standard","hentry","category-allgemein","tag-palaestina","tag-abu-mazen","tag-antisemitismus","tag-eu","tag-europaeische-kommission","tag-europaeische-union","tag-fatah","tag-israel","tag-jerusalem","tag-mahmoud-abbas","tag-plo","tag-terrorismus","tag-unrwa","tag-vereinte-nationen"],"_links":{"self":[{"href":"https:\/\/www.tw24.net\/index.php?rest_route=\/wp\/v2\/posts\/10132","targetHints":{"allow":["GET"]}}],"collection":[{"href":"https:\/\/www.tw24.net\/index.php?rest_route=\/wp\/v2\/posts"}],"about":[{"href":"https:\/\/www.tw24.net\/index.php?rest_route=\/wp\/v2\/types\/post"}],"author":[{"embeddable":true,"href":"https:\/\/www.tw24.net\/index.php?rest_route=\/wp\/v2\/users\/1"}],"replies":[{"embeddable":true,"href":"https:\/\/www.tw24.net\/index.php?rest_route=%2Fwp%2Fv2%2Fcomments&post=10132"}],"version-history":[{"count":3,"href":"https:\/\/www.tw24.net\/index.php?rest_route=\/wp\/v2\/posts\/10132\/revisions"}],"predecessor-version":[{"id":10135,"href":"https:\/\/www.tw24.net\/index.php?rest_route=\/wp\/v2\/posts\/10132\/revisions\/10135"}],"wp:attachment":[{"href":"https:\/\/www.tw24.net\/index.php?rest_route=%2Fwp%2Fv2%2Fmedia&parent=10132"}],"wp:term":[{"taxonomy":"category","embeddable":true,"href":"https:\/\/www.tw24.net\/index.php?rest_route=%2Fwp%2Fv2%2Fcategories&post=10132"},{"taxonomy":"post_tag","embeddable":true,"href":"https:\/\/www.tw24.net\/index.php?rest_route=%2Fwp%2Fv2%2Ftags&post=10132"}],"curies":[{"name":"wp","href":"https:\/\/api.w.org\/{rel}","templated":true}]}}