{"id":1058,"date":"2009-02-03T12:41:27","date_gmt":"2009-02-03T11:41:27","guid":{"rendered":"http:\/\/www.tw24.info\/?p=1058"},"modified":"2009-02-03T12:41:27","modified_gmt":"2009-02-03T11:41:27","slug":"du-bist-deutschland-38","status":"publish","type":"post","link":"https:\/\/www.tw24.net\/?p=1058","title":{"rendered":"Du bist Deutschland"},"content":{"rendered":"<p><i>Die Linke<\/i> <a href=\"http:\/\/www.tagesspiegel.de\/berlin\/Fashion-Week-Mahnmal-Mitte;art270,2720227\">bew\u00e4ltigt<\/a> <i>Vergangenheit<\/i>:<\/p>\n<blockquote><p><i>&#8222;Probebesuch am Jahrestag der Macht\u00fcbernahme der Nationalsozialisten: &#8218;Wir m\u00f6chten das Mahnmal an die B\u00fccherverbrennung sehen.&#8216; Der dunkel gewandete Wachmann schaut etwas skeptisch, weist aber den Weg [..]. Also hinein durch einen Seiteneingang in das Zelt, das f\u00fcr die Fashion Week auf dem Bebelplatz in Mitte steht. Innen ist alles rundherum schwarz, von weitem leuchtet im Boden die &#8218;Bibliothek der verbrannten B\u00fccher&#8216;.<\/p>\n<p>Rechts und links stehen schwarze Sichtblenden, von hinten wummern die Beats einer Modenschau, vorne champagnert sich eine schick gekleidete Menge durch den Tag. Allzu viele Seitenblicke sind den Mahnmalsbesuchern aber nicht verg\u00f6nnt, da komplimentiert ein weiterer Sicherheitsmann sie aus dem Zelt: &#8218;Thank you, Gentlemen.&#8216;<\/p>\n<p>&#8218;Das Mahnmal ist v\u00f6llig entstellt&#8216;, sagt Thomas Flierl nach dem Kurzbesuch, &#8218;die W\u00fcrde ist nicht gewahrt.&#8216; Der stadtentwicklungspolitische Sprecher der Linkspartei im Abgeordnetenhaus fordert: Das Zelt f\u00fcr die Fashion Week darf hier nicht noch mal aufgestellt werden.<\/p>\n<p>Das Bezirksamt Mitte hat unter dem sanften Druck der Wirtschaftsverwaltung von Senator Harald Wolf (Linkspartei) jedoch ganz anders entschieden. Nachdem das Modezelt schon am Brandenburger Tor oder am Ostbahnhof stand, habe sich der Bebelplatz als bester Standort herausgestellt. K\u00fcnftig wird das Zelt also zwei Mal im Jahr dort stehen, Ende Januar und im Juli. Mitten auf dem Mahnmal zur B\u00fccherverbrennung.&#8220;<\/i><\/p><\/blockquote>\n","protected":false},"excerpt":{"rendered":"<p>Die Linke bew\u00e4ltigt Vergangenheit: &#8222;Probebesuch am Jahrestag der Macht\u00fcbernahme der Nationalsozialisten: &#8218;Wir m\u00f6chten das Mahnmal an die B\u00fccherverbrennung sehen.&#8216; Der dunkel gewandete Wachmann schaut etwas skeptisch, weist aber den Weg [..]. Also hinein durch einen Seiteneingang in das Zelt, das f\u00fcr die Fashion Week auf dem Bebelplatz in Mitte steht. Innen ist alles rundherum schwarz, [&hellip;]<\/p>\n","protected":false},"author":1,"featured_media":0,"comment_status":"open","ping_status":"open","sticky":false,"template":"","format":"standard","meta":{"footnotes":""},"categories":[3],"tags":[],"class_list":["post-1058","post","type-post","status-publish","format-standard","hentry","category-du-bist-deutschland"],"_links":{"self":[{"href":"https:\/\/www.tw24.net\/index.php?rest_route=\/wp\/v2\/posts\/1058","targetHints":{"allow":["GET"]}}],"collection":[{"href":"https:\/\/www.tw24.net\/index.php?rest_route=\/wp\/v2\/posts"}],"about":[{"href":"https:\/\/www.tw24.net\/index.php?rest_route=\/wp\/v2\/types\/post"}],"author":[{"embeddable":true,"href":"https:\/\/www.tw24.net\/index.php?rest_route=\/wp\/v2\/users\/1"}],"replies":[{"embeddable":true,"href":"https:\/\/www.tw24.net\/index.php?rest_route=%2Fwp%2Fv2%2Fcomments&post=1058"}],"version-history":[{"count":0,"href":"https:\/\/www.tw24.net\/index.php?rest_route=\/wp\/v2\/posts\/1058\/revisions"}],"wp:attachment":[{"href":"https:\/\/www.tw24.net\/index.php?rest_route=%2Fwp%2Fv2%2Fmedia&parent=1058"}],"wp:term":[{"taxonomy":"category","embeddable":true,"href":"https:\/\/www.tw24.net\/index.php?rest_route=%2Fwp%2Fv2%2Fcategories&post=1058"},{"taxonomy":"post_tag","embeddable":true,"href":"https:\/\/www.tw24.net\/index.php?rest_route=%2Fwp%2Fv2%2Ftags&post=1058"}],"curies":[{"name":"wp","href":"https:\/\/api.w.org\/{rel}","templated":true}]}}