{"id":1061,"date":"2009-02-04T11:07:33","date_gmt":"2009-02-04T10:07:33","guid":{"rendered":"http:\/\/www.tw24.info\/?p=1061"},"modified":"2009-02-04T11:07:33","modified_gmt":"2009-02-04T10:07:33","slug":"antideutsche-gewaltbereitschaft","status":"publish","type":"post","link":"https:\/\/www.tw24.net\/?p=1061","title":{"rendered":"Antideutsche Gewaltbereitschaft"},"content":{"rendered":"<p><i>&#8222;Antideutsche&#8220;<\/i>, haben die <i>Ruhr Nachrichten<\/i> beim zust\u00e4ndigen <i>Verfassungsschutz<\/i> <a href=\"http:\/\/www.ruhrnachrichten.de\/nachrichten\/exklusiv\/politik\/Politik;art1572,470123\">recherchiert<\/a>, stellen eine <i>&#8222;Bewegung&#8220;<\/i> dar, die <i>&#8222;durch Gewaltbereitschaft bei Demonstrationen auff\u00e4llig geworden&#8220;<\/i> sei. Und diese <i>&#8222;Gewaltbereitschaft&#8220;<\/i> \u00e4u\u00dferte sich in <i>Duisburg<\/i>, wie die um den Ruf der Region besorgten <i>Ruhr Nachrichten<\/i> nun gemeinsam mit <i>&#8222;Verfassungssch\u00fctzern&#8220;<\/i> mutma\u00dfen, ausgerechnet dadurch, da\u00df <i>&#8222;die linksextreme Splittergruppe [..] die beiden Israel-Fahnen, die Polizisten bei einer pro-pal\u00e4stinensischen Demonstration entfernten, als gezielte Provokation aufgeh\u00e4ngt&#8220;<\/i> haben soll.<\/p>\n<p>Was an diesem <i>Versuch<\/i>, eine offen <i>antisemitische &#8222;Friedendemonstration&#8220;<\/i>, die Anla\u00df gab zur Sorge vor Gewalt, die \u00fcber das Bewerfen zweier <i>israelischer Fahnen<\/i> mit Gegenst\u00e4nden hinausgeht, zu verteidigen, ist eigentlich peinlicher? Der <i>Verweis<\/i> auf eine mindestens im konkreten Fall offenkundig gar nicht vorhandene <i>&#8222;antideutsche Gewaltbereitschaft&#8220;<\/i> oder die offenbar weiterhin aufrechterhaltene Behauptung, es habe sich um <i>&#8222;eine gezielte [und zugleich doch &#8222;sehr kurzfristige&#8220; (tw_24)] Aktion nach dem Motto &#8218;Wollen mal sehen, was jetzt passiert'&#8220;<\/i> gehandelt? <\/p>\n","protected":false},"excerpt":{"rendered":"<p>&#8222;Antideutsche&#8220;, haben die Ruhr Nachrichten beim zust\u00e4ndigen Verfassungsschutz recherchiert, stellen eine &#8222;Bewegung&#8220; dar, die &#8222;durch Gewaltbereitschaft bei Demonstrationen auff\u00e4llig geworden&#8220; sei. Und diese &#8222;Gewaltbereitschaft&#8220; \u00e4u\u00dferte sich in Duisburg, wie die um den Ruf der Region besorgten Ruhr Nachrichten nun gemeinsam mit &#8222;Verfassungssch\u00fctzern&#8220; mutma\u00dfen, ausgerechnet dadurch, da\u00df &#8222;die linksextreme Splittergruppe [..] die beiden Israel-Fahnen, die Polizisten [&hellip;]<\/p>\n","protected":false},"author":1,"featured_media":0,"comment_status":"open","ping_status":"open","sticky":false,"template":"","format":"standard","meta":{"footnotes":""},"categories":[2],"tags":[],"class_list":["post-1061","post","type-post","status-publish","format-standard","hentry","category-allgemein"],"_links":{"self":[{"href":"https:\/\/www.tw24.net\/index.php?rest_route=\/wp\/v2\/posts\/1061","targetHints":{"allow":["GET"]}}],"collection":[{"href":"https:\/\/www.tw24.net\/index.php?rest_route=\/wp\/v2\/posts"}],"about":[{"href":"https:\/\/www.tw24.net\/index.php?rest_route=\/wp\/v2\/types\/post"}],"author":[{"embeddable":true,"href":"https:\/\/www.tw24.net\/index.php?rest_route=\/wp\/v2\/users\/1"}],"replies":[{"embeddable":true,"href":"https:\/\/www.tw24.net\/index.php?rest_route=%2Fwp%2Fv2%2Fcomments&post=1061"}],"version-history":[{"count":0,"href":"https:\/\/www.tw24.net\/index.php?rest_route=\/wp\/v2\/posts\/1061\/revisions"}],"wp:attachment":[{"href":"https:\/\/www.tw24.net\/index.php?rest_route=%2Fwp%2Fv2%2Fmedia&parent=1061"}],"wp:term":[{"taxonomy":"category","embeddable":true,"href":"https:\/\/www.tw24.net\/index.php?rest_route=%2Fwp%2Fv2%2Fcategories&post=1061"},{"taxonomy":"post_tag","embeddable":true,"href":"https:\/\/www.tw24.net\/index.php?rest_route=%2Fwp%2Fv2%2Ftags&post=1061"}],"curies":[{"name":"wp","href":"https:\/\/api.w.org\/{rel}","templated":true}]}}