{"id":1486,"date":"2009-09-03T17:02:34","date_gmt":"2009-09-03T15:02:34","guid":{"rendered":"http:\/\/www.tw24.info\/?p=1486"},"modified":"2009-09-03T17:02:34","modified_gmt":"2009-09-03T15:02:34","slug":"die-letzten-tage-der-schweiz","status":"publish","type":"post","link":"https:\/\/www.tw24.net\/?p=1486","title":{"rendered":"Die letzten Tage der Schweiz"},"content":{"rendered":"<p>Jetzt wird es eng f\u00fcr die <i>Schweiz<\/i>. Die hat, wie schon <a href=\"http:\/\/www.tw24.info\/?p=1480\">erw\u00e4hnt<\/a>, den gro\u00dfen <i>Menschenrechtsaktivisten Muhammar al-Ghaddafi<\/i> beleidigt, als dessen Sohn <i>&#8222;ungerechtfertigt&#8220;<\/i> von <i>eidgen\u00f6ssischen Polizisten<\/i> kurzzeitig festgenommen wurde. <\/p>\n<p>Eine <i>pr\u00e4sidiale Entschuldigung<\/i> durch <i>Hans-Rudolf Merz<\/i> konnte diese schlimme <i>Schmach<\/i> nicht aus der Welt schaffen, was er h\u00e4tte wissen m\u00fcssen. So war die <i>Entschuldigung<\/i>, genau besehen, keine, sondern <i>verh\u00f6hnte<\/i> den <i>Beleidigten<\/i> noch einmal.<\/p>\n<p>Deshalb mu\u00df nun die <i>Schweiz<\/i> die Folgen dieses neuerlichen <i>Affronts<\/i> <a href=\"http:\/\/www.zeit.de\/newsticker\/2009\/9\/3\/iptc-bdt-20090903-451-22290512xml\">tragen<\/a>:<\/p>\n<blockquote><p><i>&#8222;Der libysche Revolutionsf\u00fchrer Muammar al-Gaddafi soll bei der UN-Vollversammlung formell beantragt haben, die Schweiz aufzul\u00f6sen. Er habe dies bereits im Juli beim G8-Gipfel in Italien gefordert, berichtete das Schweizer Fernsehen.<\/p>\n<p>Das schweizerische Staatsterritorium solle aufgeteilt und an die Nachbarl\u00e4nder verteilt werden, zitierte die Parlamentarierin und Vizepr\u00e4sidentin der Au\u00dfenpolitischen Kommission des Schweizer Nationalrates, Christa Markwalder, die angeblichen Pl\u00e4ne Gaddafis. Damit solle sich die UN-Vollversammlung befassen, die am 15. September beginnt. Libyen hat f\u00fcr ein Jahr den Vorsitz der UN-Generalversammlung inne.&#8220;<\/i><\/p><\/blockquote>\n<p>Selbst <i>Appeasement<\/i> erfordert offenbar ein gewisses K\u00f6nnen.<\/p>\n","protected":false},"excerpt":{"rendered":"<p>Jetzt wird es eng f\u00fcr die Schweiz. Die hat, wie schon erw\u00e4hnt, den gro\u00dfen Menschenrechtsaktivisten Muhammar al-Ghaddafi beleidigt, als dessen Sohn &#8222;ungerechtfertigt&#8220; von eidgen\u00f6ssischen Polizisten kurzzeitig festgenommen wurde. Eine pr\u00e4sidiale Entschuldigung durch Hans-Rudolf Merz konnte diese schlimme Schmach nicht aus der Welt schaffen, was er h\u00e4tte wissen m\u00fcssen. So war die Entschuldigung, genau besehen, keine, [&hellip;]<\/p>\n","protected":false},"author":1,"featured_media":0,"comment_status":"open","ping_status":"open","sticky":false,"template":"","format":"standard","meta":{"footnotes":""},"categories":[2],"tags":[],"class_list":["post-1486","post","type-post","status-publish","format-standard","hentry","category-allgemein"],"_links":{"self":[{"href":"https:\/\/www.tw24.net\/index.php?rest_route=\/wp\/v2\/posts\/1486","targetHints":{"allow":["GET"]}}],"collection":[{"href":"https:\/\/www.tw24.net\/index.php?rest_route=\/wp\/v2\/posts"}],"about":[{"href":"https:\/\/www.tw24.net\/index.php?rest_route=\/wp\/v2\/types\/post"}],"author":[{"embeddable":true,"href":"https:\/\/www.tw24.net\/index.php?rest_route=\/wp\/v2\/users\/1"}],"replies":[{"embeddable":true,"href":"https:\/\/www.tw24.net\/index.php?rest_route=%2Fwp%2Fv2%2Fcomments&post=1486"}],"version-history":[{"count":0,"href":"https:\/\/www.tw24.net\/index.php?rest_route=\/wp\/v2\/posts\/1486\/revisions"}],"wp:attachment":[{"href":"https:\/\/www.tw24.net\/index.php?rest_route=%2Fwp%2Fv2%2Fmedia&parent=1486"}],"wp:term":[{"taxonomy":"category","embeddable":true,"href":"https:\/\/www.tw24.net\/index.php?rest_route=%2Fwp%2Fv2%2Fcategories&post=1486"},{"taxonomy":"post_tag","embeddable":true,"href":"https:\/\/www.tw24.net\/index.php?rest_route=%2Fwp%2Fv2%2Ftags&post=1486"}],"curies":[{"name":"wp","href":"https:\/\/api.w.org\/{rel}","templated":true}]}}