{"id":1487,"date":"2009-09-06T08:34:26","date_gmt":"2009-09-06T06:34:26","guid":{"rendered":"http:\/\/www.tw24.info\/?p=1487"},"modified":"2009-09-06T08:34:26","modified_gmt":"2009-09-06T06:34:26","slug":"carl-bildts-angst-vor-juedischen-organdieben","status":"publish","type":"post","link":"https:\/\/www.tw24.net\/?p=1487","title":{"rendered":"Carl Bildts Angst vor j\u00fcdischen Organdieben"},"content":{"rendered":"<p><i>Carl Bildt<\/i>, <i>Au\u00dfenminister<\/i> der <i>schwedischen EU-Ratspr\u00e4sidentschaft<\/i>, <i>Verteidiger<\/i> der <i>&#8222;Redefreiheit&#8220;<\/i> f\u00fcr <i>Antisemiten<\/i>, nicht aber f\u00fcr eine ihm unterstellte <i>Botschafterin<\/i>, die <i>Antisemitismus<\/i> verurteilen wollte, hat seinen geplanten Besuch in <i>Israel<\/i> nach Angaben aus der <i>israelischen Regierung<\/i> <a href=\"http:\/\/www.jpost.com\/servlet\/Satellite?pagename=JPost\/JPArticle\/ShowFull&#038;cid=1251804496582\">abgesagt<\/a>. Vermutlich f\u00fcrchtet er, Opfer <i>j\u00fcdischer Organdiebe<\/i> zu werden.<\/p>\n<p>Da\u00df unterdessen die <i>Pressefreiheit<\/i> nicht in Gefahr ger\u00e4t, <i>distanziert<\/i> eine Regierung sich von einem <i>Zeitungsbeitrag<\/i> &#8211; nichts anderes hatte <i>Israel<\/i> von <i>Carl Bildt<\/i> gefordert -, zeigt <i>Spanien<\/i>. Am Wochenende erschien dort in der Zeitung <i>El Mundo<\/i> ein Interview mit dem <i>Holocaust-Leugner David Irving<\/i>, der einerseits als <i>&#8222;Experte&#8220;<\/i> f\u00fcr den <i>Zweiten Weltkrieg<\/i> vorgestellt, aber auch von der Redaktion <i>kritisch<\/i> eingeordnet wurde.<\/p>\n<p>Ein Sprecher des <i>spanischen Au\u00dfenministers Miguel Angel Moratino<\/i> mu\u00dfte keine <i>Bestrafung<\/i> f\u00fcr seine Worte bef\u00fcrchten:<\/p>\n<blockquote><p><i>&#8222;Der [spanische] Au\u00dfenminister respektiert das Recht auf freie Rede, bedauert aber zutiefst, da\u00df einem Historiker Platz einger\u00e4umt wurde, der eine der gr\u00f6\u00dften menschlichen Trag\u00f6dien in der modernen Geschichte leugnet [..]. Solche \u00c4u\u00dferungen sind eine tiefe Verletzung des j\u00fcdischen Volks.&#8220;<\/i><\/p><\/blockquote>\n<p><i>Miguel Angel Moratino<\/i> hat keine Angst vor <i>j\u00fcdischen Organdieben<\/i> und besucht in dieser Woche <i>Israel<\/i>. <i>Carl Bildt<\/i> hingegen repr\u00e4sentiert unsanktioniert und ohne <i>Israel-Visite<\/i> weiterhin nicht nur <i>Schweden<\/i>, sondern auch die <i>Europ\u00e4ische Union<\/i> als <i>Au\u00dfenminister<\/i>.<\/p>\n","protected":false},"excerpt":{"rendered":"<p>Carl Bildt, Au\u00dfenminister der schwedischen EU-Ratspr\u00e4sidentschaft, Verteidiger der &#8222;Redefreiheit&#8220; f\u00fcr Antisemiten, nicht aber f\u00fcr eine ihm unterstellte Botschafterin, die Antisemitismus verurteilen wollte, hat seinen geplanten Besuch in Israel nach Angaben aus der israelischen Regierung abgesagt. Vermutlich f\u00fcrchtet er, Opfer j\u00fcdischer Organdiebe zu werden. Da\u00df unterdessen die Pressefreiheit nicht in Gefahr ger\u00e4t, distanziert eine Regierung sich [&hellip;]<\/p>\n","protected":false},"author":1,"featured_media":0,"comment_status":"open","ping_status":"open","sticky":false,"template":"","format":"standard","meta":{"footnotes":""},"categories":[2],"tags":[],"class_list":["post-1487","post","type-post","status-publish","format-standard","hentry","category-allgemein"],"_links":{"self":[{"href":"https:\/\/www.tw24.net\/index.php?rest_route=\/wp\/v2\/posts\/1487","targetHints":{"allow":["GET"]}}],"collection":[{"href":"https:\/\/www.tw24.net\/index.php?rest_route=\/wp\/v2\/posts"}],"about":[{"href":"https:\/\/www.tw24.net\/index.php?rest_route=\/wp\/v2\/types\/post"}],"author":[{"embeddable":true,"href":"https:\/\/www.tw24.net\/index.php?rest_route=\/wp\/v2\/users\/1"}],"replies":[{"embeddable":true,"href":"https:\/\/www.tw24.net\/index.php?rest_route=%2Fwp%2Fv2%2Fcomments&post=1487"}],"version-history":[{"count":0,"href":"https:\/\/www.tw24.net\/index.php?rest_route=\/wp\/v2\/posts\/1487\/revisions"}],"wp:attachment":[{"href":"https:\/\/www.tw24.net\/index.php?rest_route=%2Fwp%2Fv2%2Fmedia&parent=1487"}],"wp:term":[{"taxonomy":"category","embeddable":true,"href":"https:\/\/www.tw24.net\/index.php?rest_route=%2Fwp%2Fv2%2Fcategories&post=1487"},{"taxonomy":"post_tag","embeddable":true,"href":"https:\/\/www.tw24.net\/index.php?rest_route=%2Fwp%2Fv2%2Ftags&post=1487"}],"curies":[{"name":"wp","href":"https:\/\/api.w.org\/{rel}","templated":true}]}}