{"id":1488,"date":"2009-09-07T18:15:10","date_gmt":"2009-09-07T16:15:10","guid":{"rendered":"http:\/\/www.tw24.info\/?p=1488"},"modified":"2009-09-07T18:15:10","modified_gmt":"2009-09-07T16:15:10","slug":"amtsirrtum","status":"publish","type":"post","link":"https:\/\/www.tw24.net\/?p=1488","title":{"rendered":"Amtsirrtum"},"content":{"rendered":"<p><i>Felicia Langer<\/i>, Anh\u00e4ngerin <i>Mahmoud Ahmadinejads<\/i>, <i>Pr\u00e4sident<\/i> der <i>Islamischen Republik Iran<\/i> und leidenschaftliche <i><strike>Antisemitin<\/strike>&#8222;Israelkritikerin&#8220;<\/i>, will und wird das ihr <i>verliehene (!)<\/i> <i>Bundesverdienstkreuz<\/i> behalten, wenngleich bisher noch immer nicht klar ist, <i>womit<\/i> sie es denn eigentlich sich <i>verdiente<\/i>.<\/p>\n<p>Der <i>deutsche Bundespr\u00e4sident Horst K\u00f6hler<\/i> habe, so teilte dessen Staatssekret\u00e4r <i>Gert Haller<\/i> in einem Brief <i>Arno S. Hamburger<\/i> mit, der aus Protest den ihm verliehenen <i>Orden<\/i> zur\u00fcckgegeben hatte, vorgebrachte Einw\u00e4nde eingehend gepr\u00fcft und <i>&#8222;bedaure zutiefst&#8220;<\/i> die Ver\u00e4rgerung, welche die Ehrung <i>Felicia Langers<\/i> hervorrief bei Menschen, die sich <i>&#8222;tats\u00e4chlich f\u00fcr Frieden einsetzen&#8220;<\/i>.<\/p>\n<p>Gegen\u00fcber der <i>Jerusalem Post<\/i> <a href=\"http:\/\/www.jpost.com\/servlet\/Satellite?pagename=JPost\/JPArticle\/ShowFull&#038;cid=1251804511821\">\u00e4u\u00dferte<\/a> <i>Arno S. Hamburger<\/i>, er sei zufrieden mit dieser Erkl\u00e4rung des <i>deutschen Bundespr\u00e4sidenten<\/i>, der auch seine <i>Solidarit\u00e4t<\/i> mit <i>Israel<\/i> bekr\u00e4ftigt habe. Gleichwohl scheint es unm\u00f6glich, <i>Felicia Langer<\/i> das <i>Bundesverdienstkreuz<\/i> abzuerkennen. Dies sei erst m\u00f6glich, w\u00fcrde sie von einem <i>Gericht<\/i> zu einer Haftstrafe von mindestens einem Jahr verurteilt.<\/p>\n<p><i>&#8222;Israelkritik&#8220;<\/i> indes ist nicht <i>strafbar<\/i>, wenngleich <i><strike>Antisemiten<\/strike> &#8222;Israelkritiker&#8220;<\/i> immer wieder meinen, sie m\u00fc\u00dften <i>tapfer Tabus<\/i> brechen, <i>Ungeh\u00f6rtes<\/i> zu Geh\u00f6r bringen. Das <i>Bundesverdienstkreuz<\/i>, auf das <i>Felicia Langer<\/i> und ihre Anh\u00e4nger so stolz sind, zeigt freilich das Gegenteil, selbst wenn es tats\u00e4chlich <i>amtsirrt\u00fcmlich<\/i> verliehen worden sein sollte.<\/p>\n","protected":false},"excerpt":{"rendered":"<p>Felicia Langer, Anh\u00e4ngerin Mahmoud Ahmadinejads, Pr\u00e4sident der Islamischen Republik Iran und leidenschaftliche Antisemitin&#8222;Israelkritikerin&#8220;, will und wird das ihr verliehene (!) Bundesverdienstkreuz behalten, wenngleich bisher noch immer nicht klar ist, womit sie es denn eigentlich sich verdiente. Der deutsche Bundespr\u00e4sident Horst K\u00f6hler habe, so teilte dessen Staatssekret\u00e4r Gert Haller in einem Brief Arno S. Hamburger mit, [&hellip;]<\/p>\n","protected":false},"author":1,"featured_media":0,"comment_status":"open","ping_status":"open","sticky":false,"template":"","format":"standard","meta":{"footnotes":""},"categories":[2],"tags":[],"class_list":["post-1488","post","type-post","status-publish","format-standard","hentry","category-allgemein"],"_links":{"self":[{"href":"https:\/\/www.tw24.net\/index.php?rest_route=\/wp\/v2\/posts\/1488","targetHints":{"allow":["GET"]}}],"collection":[{"href":"https:\/\/www.tw24.net\/index.php?rest_route=\/wp\/v2\/posts"}],"about":[{"href":"https:\/\/www.tw24.net\/index.php?rest_route=\/wp\/v2\/types\/post"}],"author":[{"embeddable":true,"href":"https:\/\/www.tw24.net\/index.php?rest_route=\/wp\/v2\/users\/1"}],"replies":[{"embeddable":true,"href":"https:\/\/www.tw24.net\/index.php?rest_route=%2Fwp%2Fv2%2Fcomments&post=1488"}],"version-history":[{"count":0,"href":"https:\/\/www.tw24.net\/index.php?rest_route=\/wp\/v2\/posts\/1488\/revisions"}],"wp:attachment":[{"href":"https:\/\/www.tw24.net\/index.php?rest_route=%2Fwp%2Fv2%2Fmedia&parent=1488"}],"wp:term":[{"taxonomy":"category","embeddable":true,"href":"https:\/\/www.tw24.net\/index.php?rest_route=%2Fwp%2Fv2%2Fcategories&post=1488"},{"taxonomy":"post_tag","embeddable":true,"href":"https:\/\/www.tw24.net\/index.php?rest_route=%2Fwp%2Fv2%2Ftags&post=1488"}],"curies":[{"name":"wp","href":"https:\/\/api.w.org\/{rel}","templated":true}]}}