{"id":2190,"date":"2010-05-16T15:22:19","date_gmt":"2010-05-16T13:22:19","guid":{"rendered":"http:\/\/www.tw24.info\/?p=2190"},"modified":"2010-05-16T15:22:19","modified_gmt":"2010-05-16T13:22:19","slug":"2190","status":"publish","type":"post","link":"https:\/\/www.tw24.net\/?p=2190","title":{"rendered":"Holocaustneid"},"content":{"rendered":"<p>\t\t\t\t<i><a href=\"http:\/\/www.knesset.gov.il\/mk\/eng\/mk_eng.asp?mk_individual_id_t=197\">Mohammad Barakeh<\/a><\/i>, <i>arabischer<\/i> Abgeordneter der <i>Knesset<\/i>, bet\u00e4tigt sich als <i><a href=\"http:\/\/www.ynetnews.com\/articles\/0,7340,L-3890237,00.html\">Jugendsch\u00fctzer<\/a><\/i>:<\/p>\n<blockquote><p><i>&#8222;MK Mohammad Barakeh (Hadash) criticized a decision forcing Arab schools to include Holocaust studies in their curriculum. &#8222;<\/i><\/p><\/blockquote>\n<p>Durch die Behandlung des <i>Holocaust<\/i> im Unterricht, so der Generalsekret\u00e4r der <i>&#8222;linken&#8220; Hadash<\/i>, werde das <i>&#8222;Leiden&#8220;<\/i> des <i>&#8222;pal\u00e4stinensischen Volks&#8220;<\/i> gr\u00f6blich mi\u00dfachtet.<\/p>\n<p>Und das dauert schlie\u00dflich seit 62 Jahren an. In diesem Zeitraum hat nach <i>&#8222;pal\u00e4stinensischen&#8220;<\/i> Angaben sich die Anzahl <i>leidender &#8222;Pal\u00e4stinenser&#8220;<\/i> immerhin <a href=\"http:\/\/www.maannews.net\/eng\/ViewDetails.aspx?ID=283683\">verachtfacht<\/a>.<\/p>\n<p>Viel besser, und deshalb empfinden die <i>&#8222;Pal\u00e4stinenser&#8220;<\/i> den 62. Geburtstag <i>Israels<\/i> auch als <i>&#8222;Katastrophe&#8220;<\/i>, w\u00e4re es wohl gewesen, ihr <i>&#8222;Leid&#8220;<\/i> verteilte sich heute auf wesentlich weniger K\u00f6pfe als 1948.<\/p>\n<p>So aber machen sie sich mit andauernden Klagen \u00fcber einen von <i>Israel<\/i> ausgehenden <i>&#8222;Genozid&#8220;<\/i> mit jedem Jahr l\u00e4cherlicher. Und das ist wirklich eine <i>Katastrophe<\/i>, die doch bestimmt einzigartiger ist als der <i>Holocaust<\/i>.<\/p>\n","protected":false},"excerpt":{"rendered":"<p>Mohammad Barakeh, arabischer Abgeordneter der Knesset, bet\u00e4tigt sich als Jugendsch\u00fctzer: &#8222;MK Mohammad Barakeh (Hadash) criticized a decision forcing Arab schools to include Holocaust studies in their curriculum. &#8222; Durch die Behandlung des Holocaust im Unterricht, so der Generalsekret\u00e4r der &#8222;linken&#8220; Hadash, werde das &#8222;Leiden&#8220; des &#8222;pal\u00e4stinensischen Volks&#8220; gr\u00f6blich mi\u00dfachtet. Und das dauert schlie\u00dflich seit 62 [&hellip;]<\/p>\n","protected":false},"author":3,"featured_media":0,"comment_status":"open","ping_status":"open","sticky":false,"template":"","format":"standard","meta":{"footnotes":""},"categories":[2],"tags":[],"class_list":["post-2190","post","type-post","status-publish","format-standard","hentry","category-allgemein"],"_links":{"self":[{"href":"https:\/\/www.tw24.net\/index.php?rest_route=\/wp\/v2\/posts\/2190","targetHints":{"allow":["GET"]}}],"collection":[{"href":"https:\/\/www.tw24.net\/index.php?rest_route=\/wp\/v2\/posts"}],"about":[{"href":"https:\/\/www.tw24.net\/index.php?rest_route=\/wp\/v2\/types\/post"}],"author":[{"embeddable":true,"href":"https:\/\/www.tw24.net\/index.php?rest_route=\/wp\/v2\/users\/3"}],"replies":[{"embeddable":true,"href":"https:\/\/www.tw24.net\/index.php?rest_route=%2Fwp%2Fv2%2Fcomments&post=2190"}],"version-history":[{"count":0,"href":"https:\/\/www.tw24.net\/index.php?rest_route=\/wp\/v2\/posts\/2190\/revisions"}],"wp:attachment":[{"href":"https:\/\/www.tw24.net\/index.php?rest_route=%2Fwp%2Fv2%2Fmedia&parent=2190"}],"wp:term":[{"taxonomy":"category","embeddable":true,"href":"https:\/\/www.tw24.net\/index.php?rest_route=%2Fwp%2Fv2%2Fcategories&post=2190"},{"taxonomy":"post_tag","embeddable":true,"href":"https:\/\/www.tw24.net\/index.php?rest_route=%2Fwp%2Fv2%2Ftags&post=2190"}],"curies":[{"name":"wp","href":"https:\/\/api.w.org\/{rel}","templated":true}]}}