{"id":2196,"date":"2010-05-17T17:43:50","date_gmt":"2010-05-17T15:43:50","guid":{"rendered":"http:\/\/www.tw24.info\/?p=2196"},"modified":"2010-05-17T17:43:50","modified_gmt":"2010-05-17T15:43:50","slug":"bulldozer-in-rafah-wo-bleiben-sebastian-engelbrecht-co","status":"publish","type":"post","link":"https:\/\/www.tw24.net\/?p=2196","title":{"rendered":"Bulldozer in Rafah: Wo bleiben Sebastian Engelbrecht &#038; Co.?"},"content":{"rendered":"<p>\t\t\t\tIn <i>Gaza<\/i>, das gemeinhin als <i>&#8222;Tr\u00fcmmerw\u00fcste&#8220;<\/i> gilt, obgleich selbst <i>&#8222;Menschenrechtsaktivisten&#8220;<\/i> sich schon begeistert \u00fcber <i><a href=\"http:\/\/www.tw24.info\/?p=1896\">Luxushotels<\/a><\/i> zeigten, <a href=\"http:\/\/www.tw24.info\/?p=2188\">rei\u00dft<\/a> die <i>Hamas<\/i> H\u00e4user ab, die, so ihre Erkl\u00e4rung, von <i>&#8222;Pal\u00e4stinensern&#8220;<\/i> illegal errichtet wurden. Die Nachricht von <i>Bulldozern<\/i> in <i>Rafah<\/i> erregt allerdings erstaunlich wenig Aufsehen in den Medien.<\/p>\n<p>Und die Darstellungen widersprechen sich. Die <i>Tagesschau<\/i> &#8211; nicht die <i>tagesschau<\/i> &#8211; etwa erz\u00e4hlt von <i>verpr\u00fcgelten Bewohnern<\/i> und solchen, die nun <i><a href=\"http:\/\/www.tagesschau.sf.tv\/Nachrichten\/Archiv\/2010\/05\/17\/International\/Hamas-laesst-Haeuser-einreissen\">&#8222;in den staubigen Tr\u00fcmmern nach Kleidung und noch brauchbaren M\u00f6belst\u00fccken&#8220;<\/a><\/i> suchen. Im <i>Standard<\/i> hingegen kommt der <i>&#8222;B\u00fcrgermeister&#8220;<\/i> von <i>Rafah<\/i> zu Wort, der von wenigen und zudem <i><a href=\"http:\/\/derstandard.at\/1271376820126\/Hamas-zerstoerte-Haeuser-im-Gazastreifen\">&#8222;unbewohnten Geb\u00e4uden&#8220;<\/a><\/i> spricht.<\/p>\n<blockquote><p><i>&#8222;Das ger\u00e4umte Gebiet solle f\u00fcr ein neues Bildungsprojekt genutzt werden. &#8218;Wir haben in Einklang mit dem Gesetz gehandelt und diese H\u00e4user entfernt&#8216;, sagte Al-Nashar.&#8220;<\/i><\/p><\/blockquote>\n<p>Bewohner unbewohnter H\u00e4user k\u00f6nnen nicht verpr\u00fcgelt werden. Sie k\u00f6nnen, ist anzunehmen, auch nicht erwarten, in den Tr\u00fcmmern etwas zu finden. Und eigentlich haben sie auch keinen Grund zu Klagen. Und doch zitiert die <i>Tagesschau<\/i> eine <i>Narisa Abu Dschara<\/i> mit diesen Worten: <i>&#8222;Wir k\u00f6nnen es uns nicht leisten, noch einmal zu bauen&#8220;<\/i>.<\/p>\n<p>Das wirft eine n\u00e4chste Frage auf. <i>Gaza<\/i> ist ja nicht nur eine <i>&#8222;Tr\u00fcmmerlandschaft&#8220;<\/i>, sondern auch noch <i>&#8222;Opfer&#8220;<\/i> einer gar <a href=\"http:\/\/gatewaypundit.firstthings.com\/2010\/05\/president-of-un-general-assembly-gaza-siege-is-worse-than-nazi-death-camps\/\">f\u00fcrchterbaren <i>&#8222;Blockade&#8220;<\/i><\/a>, die sich vor allem durch <i><a href=\"http:\/\/www.tagesspiegel.de\/politik\/international\/sehen-ist-verstehen\/1719876.html\">&#8222;desastr\u00f6se humanit\u00e4re Folgen&#8220;<\/a><\/i> auszeichnet, zumal <i>Israel <a href=\"http:\/\/www.redglobe.de\/naher-a-mittlerer-osten\/palaestina\/3746-blockadebrecher-nach-gaza\">&#8222;kein Material zum Wiederaufbau&#8220;<\/a><\/i> nach <i>Gaza<\/i> l\u00e4\u00dft. Und doch kann die <i>Hamas<\/i> ein <i>&#8222;Bildungsprojekt&#8220;<\/i> ank\u00fcndigen?<\/p>\n<p>Fest steht also nur, da\u00df die <i>Hamas<\/i> von ihr als <i>illegal<\/i> angesehene H\u00e4user in <i>Rafah<\/i> zerst\u00f6rt(e). Ob sie bewohnt waren oder nicht, dar\u00fcber l\u00e4\u00dft sich nur spekulieren. Weshalb H\u00e4user <i>unbewohnt<\/i> in der <i>&#8222;Tr\u00fcmmerlandschaft&#8220; Gaza<\/i> herumstehen k\u00f6nnten, wo doch brauchbarer Wohnraum knapp sein soll, auch das ist ein R\u00e4tsel.<\/p>\n<p>Bis jetzt haben die anerkannten Spitzenkr\u00e4fte des <i>deutschen<\/i> investigativen <i>Nahost<\/i>-Journalismus &#8211; <i>Sebastian Engelbrecht<\/i>, <i>Ulrike Putz<\/i> und <i>Richard C. Schneider<\/i> &#8211; sich noch nicht zum Geschehen in <i>Rafah<\/i> ge\u00e4u\u00dfert. Gewi\u00df aber liegt das nur daran, da\u00df sie noch <i>recherchieren<\/i>, um alle <i>Widerspr\u00fcche<\/i> um die <i>Hamas<\/i>&#8211;<i>Bulldozer<\/i> in <i>Gaza<\/i> auszur\u00e4umen.<\/p>\n<p>Wir warten gespannt.\t\t\t\t<\/p>\n","protected":false},"excerpt":{"rendered":"<p>In Gaza, das gemeinhin als &#8222;Tr\u00fcmmerw\u00fcste&#8220; gilt, obgleich selbst &#8222;Menschenrechtsaktivisten&#8220; sich schon begeistert \u00fcber Luxushotels zeigten, rei\u00dft die Hamas H\u00e4user ab, die, so ihre Erkl\u00e4rung, von &#8222;Pal\u00e4stinensern&#8220; illegal errichtet wurden. Die Nachricht von Bulldozern in Rafah erregt allerdings erstaunlich wenig Aufsehen in den Medien. Und die Darstellungen widersprechen sich. Die Tagesschau &#8211; nicht die tagesschau [&hellip;]<\/p>\n","protected":false},"author":3,"featured_media":0,"comment_status":"open","ping_status":"open","sticky":false,"template":"","format":"standard","meta":{"footnotes":""},"categories":[2],"tags":[],"class_list":["post-2196","post","type-post","status-publish","format-standard","hentry","category-allgemein"],"_links":{"self":[{"href":"https:\/\/www.tw24.net\/index.php?rest_route=\/wp\/v2\/posts\/2196","targetHints":{"allow":["GET"]}}],"collection":[{"href":"https:\/\/www.tw24.net\/index.php?rest_route=\/wp\/v2\/posts"}],"about":[{"href":"https:\/\/www.tw24.net\/index.php?rest_route=\/wp\/v2\/types\/post"}],"author":[{"embeddable":true,"href":"https:\/\/www.tw24.net\/index.php?rest_route=\/wp\/v2\/users\/3"}],"replies":[{"embeddable":true,"href":"https:\/\/www.tw24.net\/index.php?rest_route=%2Fwp%2Fv2%2Fcomments&post=2196"}],"version-history":[{"count":0,"href":"https:\/\/www.tw24.net\/index.php?rest_route=\/wp\/v2\/posts\/2196\/revisions"}],"wp:attachment":[{"href":"https:\/\/www.tw24.net\/index.php?rest_route=%2Fwp%2Fv2%2Fmedia&parent=2196"}],"wp:term":[{"taxonomy":"category","embeddable":true,"href":"https:\/\/www.tw24.net\/index.php?rest_route=%2Fwp%2Fv2%2Fcategories&post=2196"},{"taxonomy":"post_tag","embeddable":true,"href":"https:\/\/www.tw24.net\/index.php?rest_route=%2Fwp%2Fv2%2Ftags&post=2196"}],"curies":[{"name":"wp","href":"https:\/\/api.w.org\/{rel}","templated":true}]}}