{"id":2197,"date":"2010-05-18T15:46:00","date_gmt":"2010-05-18T13:46:00","guid":{"rendered":"http:\/\/www.tw24.info\/?p=2197"},"modified":"2010-05-18T15:46:00","modified_gmt":"2010-05-18T13:46:00","slug":"juedische-folklore","status":"publish","type":"post","link":"https:\/\/www.tw24.net\/?p=2197","title":{"rendered":"&#8222;J\u00fcdische Folklore&#8220;"},"content":{"rendered":"<p>\t\t\t\tDenkt <i>Stephan Kramer<\/i>, Generalsekret\u00e4r des <i>Zentralrats der Juden in Deutschland<\/i>, <a href=\"http:\/\/www.focus.de\/politik\/deutschland\/juden-zentralrat-beklagt-antisemitismus-in-den-medien_aid_508577.html\">laut nach<\/a> \u00fcber <i>Antisemitismus<\/i> in <i>deutschen<\/i> Medien, meinen deren Konsumenten, ihre <i><a href=\"http:\/\/www.focus.de\/politik\/deutschland\/langsam-reicht-es-wann-kapiert-der-juden-kommentar_2734457.html\">&#8222;gerechtfertigte Kritik an der h\u00f6chst fragw\u00fcrdigen Politik des Staates Israel&#8220;<\/a><\/i> verteidigen zu m\u00fcssen, von der sie wissen, da\u00df sie, die <i>&#8222;gerechtfertigte Kritik&#8220;<\/i>, <i>&#8222;nichts, aber auch gar nichts mit Antisemitismus zu tun hat&#8220;<\/i>.<\/p>\n<blockquote><p><i>&#8222;Trotz der schrecklichen Ereignisse des letzten Jahrhunderts darf sich Israel mit seiner Nahost-Politik nicht auff\u00fchren wie die sprichw\u00f6rtliche Axt im Walde! Wer wie Israel die Verletzung des V\u00f6lkerrechts zur politischen Normalit\u00e4t werden hat lassen sollte mit dem moralischen Zeigefinger sparsam umgehen. Vor allem in so v\u00f6llig an den Haaren herbeigezogenen Zusammenh\u00e4ngen.&#8220;<\/i><\/p><\/blockquote>\n<p>Was hat der <i>Zentralrat der Juden in Deutschland<\/i> mit der <i>israelischen<\/i> Politik zu schaffen? Die wird, das vergessen die <i>&#8222;gerechtfertigten Israelkritiker&#8220;<\/i> gern, noch immer in der <i>souver\u00e4nen<\/i> Demokratie <i>Israel<\/i> gemacht und eben nicht von <i>Stephan Kramer<\/i>, der &#8211; unterstellen wir &#8211; noch mit gar keinem <i>&#8222;V\u00f6lkerrecht&#8220;<\/i> in Konflikt geriet.<\/p>\n<p>Doch auch das wird ihm zum Vorwurf gemacht. <i>&#8222;Nicht ungew\u00f6hnlich&#8220;<\/i>, <a href=\"http:\/\/www.tagesspiegel.de\/meinung\/ein-juedischer-folklorist\/1840868.html\">formuliert<\/a> <i>Malte Lehming<\/i> f\u00fcr seinen <i>Tagesspiegel<\/i>, ist <i>&#8222;die \u00dcberkompensation eines schlechten Gewissens, als Diaspora-Jude nicht beim Aufbau des zionistischen Gemeinwesens zu helfen, sondern [..] aus sicherer Distanz teilzunehmen, zwischen Heidi Klum und Dieter Bohlen.&#8220;<\/i><\/p>\n<p>Der <i>Jude<\/i> kann einfach kein loyaler Staatsb\u00fcrger, kein <i>Deutscher<\/i>, <i>Belgier<\/i>, <i>Franzose<\/i> sein, sondern ist immer <i>Israel<\/i> mehr verbunden als jenem Staat, in dem er in der <i>&#8222;Diaspora&#8220;<\/i> lebt. Und darunter leidet er, der <i>Jude<\/i>, so sehr, da\u00df er in <i>&#8222;die Rolle des hyperventilierenden Antisemitenentlarvers&#8220;<\/i> schl\u00fcpft, wo doch gar nichts zu entlarven ist:<\/p>\n<blockquote><p><i>&#8222;Und wenn man dann schlie\u00dflich verhindert hat, dass ein Hamas-Vertreter in der Evangelischen Akademie von Bad Boll vor 30 Studienr\u00e4ten sprechen darf, wird das wie der Sieg von David gegen Goliath gefeiert. Dabei d\u00fcrfte das Risiko, dass sich einer der Studienr\u00e4te vor Begeisterung \u00fcber die Hamas-Nase dem Dschihad anschlie\u00dft und in ein Terrorcamp in den Nahen Osten reist, recht gering gewesen sein.&#8220;<\/i><\/p><\/blockquote>\n<p>La\u00dft uns die <i>Hamas<\/i> einladen nach <i>Deutschland<\/i>, <i>hier<\/i> kann sie ja doch kein Unheil (mehr?) anrichten. Da\u00df eine <i>internationale<\/i> Anerkennung der <i>islamischen Terroristenbande<\/i> dieser sehr wohl Zulauf von <i>&#8222;Pal\u00e4stinensern&#8220;<\/i> verschaffen k\u00f6nnte, st\u00f6rt den <i>deutschen Malte<\/i> offenbar so wenig wie deren <i>Antisemitismus<\/i>.<\/p>\n<p>Da\u00df erst am Wochenende in <i>Worms<\/i> eine <i>Synagoge<\/i> in Flammen aufgehen sollte, davon geht die Welt doch nicht unter, oder? <i>Stephan Kramer<\/i>, der <i>&#8222;j\u00fcdische Folklorist&#8220;<\/i>, <i>&#8222;hyperventiliert&#8220;<\/i> nur. Und wenn nicht? Dann <i>&#8222;hyperventiliert&#8220;<\/i> er trotzdem, denn die <i>deutschen<\/i> Medien <strike>stehen unter Kontrolle<\/strike>sind doch nur langweilig:<\/p>\n<blockquote><p><i>&#8222;Wer Thesen \u00fcber das &#8218;Shoah-Business&#8216;, die &#8218;Holocaust-Industrie&#8216; oder die Instrumentalisierung des Gedenkens diskutieren, sich \u00fcber angebliche Kriegsverbrechen von Israelis im Gazastreifen informieren oder authentische Hamas-Positionen pr\u00e4sentiert haben will, muss Ha&#8217;aretz und New York Times lesen und BBC empfangen k\u00f6nnen.&#8220;<\/i><\/p><\/blockquote>\n<p>Es gibt keinen <i>Antisemitismus<\/i> in <i>Deutschland<\/i>. Nirgends. Und schon gar nicht im <i>Tagesspiegel<\/i>.\t\t\t\t<\/p>\n","protected":false},"excerpt":{"rendered":"<p>Denkt Stephan Kramer, Generalsekret\u00e4r des Zentralrats der Juden in Deutschland, laut nach \u00fcber Antisemitismus in deutschen Medien, meinen deren Konsumenten, ihre &#8222;gerechtfertigte Kritik an der h\u00f6chst fragw\u00fcrdigen Politik des Staates Israel&#8220; verteidigen zu m\u00fcssen, von der sie wissen, da\u00df sie, die &#8222;gerechtfertigte Kritik&#8220;, &#8222;nichts, aber auch gar nichts mit Antisemitismus zu tun hat&#8220;. &#8222;Trotz der [&hellip;]<\/p>\n","protected":false},"author":3,"featured_media":0,"comment_status":"open","ping_status":"open","sticky":false,"template":"","format":"standard","meta":{"footnotes":""},"categories":[2],"tags":[],"class_list":["post-2197","post","type-post","status-publish","format-standard","hentry","category-allgemein"],"_links":{"self":[{"href":"https:\/\/www.tw24.net\/index.php?rest_route=\/wp\/v2\/posts\/2197","targetHints":{"allow":["GET"]}}],"collection":[{"href":"https:\/\/www.tw24.net\/index.php?rest_route=\/wp\/v2\/posts"}],"about":[{"href":"https:\/\/www.tw24.net\/index.php?rest_route=\/wp\/v2\/types\/post"}],"author":[{"embeddable":true,"href":"https:\/\/www.tw24.net\/index.php?rest_route=\/wp\/v2\/users\/3"}],"replies":[{"embeddable":true,"href":"https:\/\/www.tw24.net\/index.php?rest_route=%2Fwp%2Fv2%2Fcomments&post=2197"}],"version-history":[{"count":0,"href":"https:\/\/www.tw24.net\/index.php?rest_route=\/wp\/v2\/posts\/2197\/revisions"}],"wp:attachment":[{"href":"https:\/\/www.tw24.net\/index.php?rest_route=%2Fwp%2Fv2%2Fmedia&parent=2197"}],"wp:term":[{"taxonomy":"category","embeddable":true,"href":"https:\/\/www.tw24.net\/index.php?rest_route=%2Fwp%2Fv2%2Fcategories&post=2197"},{"taxonomy":"post_tag","embeddable":true,"href":"https:\/\/www.tw24.net\/index.php?rest_route=%2Fwp%2Fv2%2Ftags&post=2197"}],"curies":[{"name":"wp","href":"https:\/\/api.w.org\/{rel}","templated":true}]}}