{"id":22,"date":"2018-02-10T12:26:26","date_gmt":"2018-02-10T12:26:26","guid":{"rendered":"http:\/\/www.tw24.net\/?p=22"},"modified":"2018-02-10T12:26:26","modified_gmt":"2018-02-10T12:26:26","slug":"ausschwitz-problem","status":"publish","type":"post","link":"https:\/\/www.tw24.net\/?p=22","title":{"rendered":"Aus(s)chwitz-Problem"},"content":{"rendered":"<p>\t\t\t\tAls der amtierende deutsche Au\u00dfenministerdarsteller Sigmar Gabriel sich k\u00fcrzlich hinter das \u00bbHolocaust-Gesetz\u00ab der nationalistischen Regierung in Warschau <a href=\"https:\/\/www.auswaertiges-amt.de\/de\/newsroom\/bm-holocaust-gesetzgebung-polen\/1432878\">stellte<\/a>, glaubte der Politiker behaupten zu d\u00fcrfen, es gebe \u00bbnicht den geringsten Zweifel daran, wer f\u00fcr die Vernichtungslager verantwortlich ist, sie betrieben und dort Millionen europ\u00e4ischer Juden ermordet hat: n\u00e4mlich Deutsche\u00ab.<\/p>\n<p>Und wohl nicht ohne einen gewissen Stolz betonte der Sozialdemokrat, \u00bbuns Deutschen\u00ab sei \u00bbdie umfassende Aufarbeitung der eigenen Geschichte und der eigenen Verantwortung [..] eine immerw\u00e4hrende moralische Verpflichtung angesichts der von Deutschen und Deutschland begangenen Verbrechen auch in Polen\u00ab. Doch wie gut kennt Sigmar Gabriel sie wirklich, seine Deutschen?<\/p>\n<p>Beim <i>Bayerischen Rundfunk (BR)<\/i> etwa, einer gewi\u00df deutschen Anstalt, <a href=\"https:\/\/www.br.de\/br-fernsehen\/sendungen\/sehen-statt-hoeren\/gedenktag-holocaust-100.html\">wei\u00df<\/a> man noch nicht einmal genau, wie es geschrieben wird, das Wort <i>Auschwitz<\/i>. Aber immerhin, ein paar Daten kennt man doch: \u00bbIn der Zeit des Nationalsozialismus war Ausschwitz [sic!] das gr\u00f6\u00dfte T\u00f6tungs- und Vernichtungslager. Allein in Ausschwitz [sic!] sind rund 1,1 Millionen Menschen ums Leben gekommen.\u00ab<\/p>\n<p>Und auch wenn sie nicht oder bevor sie ums Leben kamen, widerfuhr den Menschen viel: \u00bbSie wurden von ihren Familien getrennt, haben Familienmitglieder sterben sehen, wurden auf engstem Raum und unter schlimmsten Umst\u00e4nden transportiert, in jeder Form aufs grausamste misshandelt und gedem\u00fctigt.\u00ab Doch wer hat mi\u00dfhandelt, gedem\u00fctigt, f\u00fcr das Ums-Leben-Kommen gesorgt?<\/p>\n<p>Wer den <a href=\"http:\/\/tw24.net\/wp-content\/uploads\/2018\/02\/ARD.de201801311134.png\">Text<\/a> vor kurzem auf der <a href=\"http:\/\/programm.ard.de\/TV\/Themenschwerpunkte\/Dokus--Reportagen\/Befreiung-KZ-Auschwitz\/Startseite\/?sendung=28111466231531\">Website<\/a> der <i>ARD<\/i> las, dem entging, was beim <i>BR<\/i> ein \u00dcberlebender andeutet: \u00bbAber immer, wenn ich Deutsche treffe, muss ich daran denken, was Deutsche damals gemacht haben!\u00ab Die Autoren des Senders in M\u00fcnchen selbst h\u00fcllen sich jedoch in Schweigen. Sie teilen blo\u00df mit, die \u00bbdeutsche Bev\u00f6lkerung\u00ab habe \u00bbsich damals diesem Unrecht unterworfen\u00ab.<\/p>\n<p>Ist in M\u00fcnchen und beim <i>Ersten<\/i>, wo der Text nicht mehr abrufbar ist, wirklich klar, \u00bbwer f\u00fcr die Vernichtungslager verantwortlich ist, sie betrieben und dort Millionen europ\u00e4ischer Juden ermordet hat\u00ab? Sigmar Gabriel hat 15 Jahre lang Jugendgruppenreisen nach Auschwitz und Majdanek organisiert. Sollte er bald eine neue Besch\u00e4ftigung suchen, er k\u00f6nnte ein paar TV-Redakteure einladen.\t\t\t\t<\/p>\n","protected":false},"excerpt":{"rendered":"<p>Als der amtierende deutsche Au\u00dfenministerdarsteller Sigmar Gabriel sich k\u00fcrzlich hinter das \u00bbHolocaust-Gesetz\u00ab der nationalistischen Regierung in Warschau stellte, glaubte der Politiker behaupten zu d\u00fcrfen, es gebe \u00bbnicht den geringsten Zweifel daran, wer f\u00fcr die Vernichtungslager verantwortlich ist, sie betrieben und dort Millionen europ\u00e4ischer Juden ermordet hat: n\u00e4mlich Deutsche\u00ab. Und wohl nicht ohne einen gewissen Stolz [&hellip;]<\/p>\n","protected":false},"author":1,"featured_media":0,"comment_status":"open","ping_status":"open","sticky":false,"template":"","format":"standard","meta":{"footnotes":""},"categories":[2],"tags":[44,59,170,357,361,395],"class_list":["post-22","post","type-post","status-publish","format-standard","hentry","category-allgemein","tag-ard","tag-bayerischer-rundfunk","tag-holocaust","tag-sigmar-gabriel","tag-spd","tag-verantwortung"],"_links":{"self":[{"href":"https:\/\/www.tw24.net\/index.php?rest_route=\/wp\/v2\/posts\/22","targetHints":{"allow":["GET"]}}],"collection":[{"href":"https:\/\/www.tw24.net\/index.php?rest_route=\/wp\/v2\/posts"}],"about":[{"href":"https:\/\/www.tw24.net\/index.php?rest_route=\/wp\/v2\/types\/post"}],"author":[{"embeddable":true,"href":"https:\/\/www.tw24.net\/index.php?rest_route=\/wp\/v2\/users\/1"}],"replies":[{"embeddable":true,"href":"https:\/\/www.tw24.net\/index.php?rest_route=%2Fwp%2Fv2%2Fcomments&post=22"}],"version-history":[{"count":0,"href":"https:\/\/www.tw24.net\/index.php?rest_route=\/wp\/v2\/posts\/22\/revisions"}],"wp:attachment":[{"href":"https:\/\/www.tw24.net\/index.php?rest_route=%2Fwp%2Fv2%2Fmedia&parent=22"}],"wp:term":[{"taxonomy":"category","embeddable":true,"href":"https:\/\/www.tw24.net\/index.php?rest_route=%2Fwp%2Fv2%2Fcategories&post=22"},{"taxonomy":"post_tag","embeddable":true,"href":"https:\/\/www.tw24.net\/index.php?rest_route=%2Fwp%2Fv2%2Ftags&post=22"}],"curies":[{"name":"wp","href":"https:\/\/api.w.org\/{rel}","templated":true}]}}