{"id":2221,"date":"2010-05-24T17:08:33","date_gmt":"2010-05-24T15:08:33","guid":{"rendered":"http:\/\/www.tw24.info\/?p=2221"},"modified":"2010-05-24T17:08:33","modified_gmt":"2010-05-24T15:08:33","slug":"irre-auf-reisen-eu-parlamentarier-in-gaza","status":"publish","type":"post","link":"https:\/\/www.tw24.net\/?p=2221","title":{"rendered":"Irre auf Reisen: EU-Parlamentarier in Gaza"},"content":{"rendered":"<p>\t\t\t\t<i>Elvis Costello<\/i>, der zwei geplante Konzerte in <i>Israel<\/i> absagte, weil er sich nicht <i>&#8222;politisch vereinnahmen&#8220;<\/i> lassen will, <a href=\"http:\/\/www.tw24.info\/?p=2203\">wurde<\/a> daf\u00fcr in Abwesenheit und ohne dagegen Einspruch zu erheben von der zweifellos g\u00e4nzlich unpolitischen <i>Hamas<\/i> zum <i>&#8222;K\u00e4mpfer f\u00fcr Pal\u00e4stina&#8220;<\/i> bef\u00f6rdert. Nicht so einfach macht es die <i>Hamas<\/i> dagegen einigen <a href=\"http:\/\/www.europarl.europa.eu\/news\/expert\/infopress_page\/030-74876-140-05-21-903-20100520IPR74875-20-05-2010-2010-false\/default_en.htm\"><i>Mitgliedern<\/i> des <i>Europ\u00e4ischen Parlaments<\/i><\/a>.<\/p>\n<p>Die m\u00fcssen n\u00e4mlich selbst in <i>Gaza<\/i> erscheinen, wo die <i>Hamas<\/i> gemeinsam mit der <i>UNRWA<\/i>, ihrem <i>zivilen<\/i> Arm, <i>&#8222;regiert&#8220;<\/i>, um diesen edlen <i>Titel<\/i> sich zu verdienen &#8211; ein <i>&#8222;Rocker&#8220;<\/i> ist eben doch etwas <i>prominenter<\/i> als <i>Abgeordnete<\/i>, die von ihren Parteien nach <i>Br\u00fcssel<\/i> entsorgt wurden. <i>Hans-Gert P\u00f6ttering<\/i> ist einer dieser <i>Hamastan<\/i>-Touristen.<\/p>\n<p>Der <i>deutsche<\/i> Christdemokrat und ehemalige <i>Pr\u00e4sident<\/i> des <i>EUropaparlaments<\/i>, der auch als (wieder) einfacher <i>Abgeordneter<\/i> nicht auf einen <i>neuen &#8222;personenbezogenen Dienstwagen&#8220;<\/i> mitsamt <i>Chauffeur<\/i> <a href=\"http:\/\/www.spiegel.de\/politik\/ausland\/0,1518,692363,00.html\">verzichten mu\u00df<\/a> oder <i>will<\/i>, ist noch Chef der <i>Konrad Adenauer<\/i>&#8211;<i>Stiftung (KAS)<\/i> und &#8211; nat\u00fcrlich &#8211; einer der besten <i>&#8222;Freunde&#8220; Israels<\/i>.<\/p>\n<p>Deshalb will er ja auch <i>Gaza<\/i> besuchen, um dort sich zu informieren \u00fcber <i><a href=\"http:\/\/www.europolitics.info\/external-policies\/meps-to-visit-israel-and-palestinian-territories-art272583-44.html\">&#8222;the humanitarian situation, the peace process and to see how EU funded projects are progressing&#8220;<\/a><\/i>. Was nach <i>Unvoreingenommenheit<\/i> klingt und <i>Ergebnisoffenheit<\/i>, also nach echter Suche nach vielleicht gar <i>neuen<\/i> Erkenntnissen, ist freilich eine <i>Farce<\/i>, f\u00fcr die <i>europ\u00e4ische<\/i> Steuerzahler zur Kasse gebeten werden.<\/p>\n<p>So wu\u00dfte <i>Hans-Gert P\u00f6ttering<\/i> schon vor Reiseantritt, was es in <i>Gaza<\/i> zu entdecken geben w\u00fcrde. <i><a href=\"http:\/\/euobserver.com\/24\/30095\">&#8222;The honorable Mr Poettering wanted to convene a press conference to censure the conduct of the Israeli government before we start our journey&#8220;<\/a><\/i>, berichtet der <i>italienische<\/i> Abgeordnete <i>Gabriele Albertini<\/i>, Vorsitzender des <i>Komitees f\u00fcr ausw\u00e4rtige Angelegenheiten<\/i> des <i>EUropaparlaments<\/i>.<\/p>\n<p>Der <i>Italiener<\/i> sagte denn auch seine Beteiligung an der Reise ab, <i>Fiorello Provera<\/i>, ebenfalls aus <i>Italien<\/i> stammender Stellvertreter <i>Gabriele Albertinis<\/i> begr\u00fcndete seine Absage damit, die Reise sei <i><a href=\"http:\/\/www.israelnationalnews.com\/News\/News.aspx\/137631\">&#8222;zu einseitig&#8220;<\/a><\/i> und k\u00f6nne dadurch die eben wieder begonnenen <i>Friedensgespr\u00e4che<\/i> zwischen <i>Israel<\/i> und der <i>PA<\/i> des <i>&#8222;Pal\u00e4stinenserpr\u00e4sidenten&#8220; Abu Mazen<\/i> gef\u00e4hrden.<\/p>\n<p>Doch davon l\u00e4\u00dft <i>Hans-Gert P\u00f6ttering<\/i> sich selbstverst\u00e4ndlich nicht beeindrucken. Er, der <i><a href=\"http:\/\/euobserver.com\/24\/30095\">&#8222;sehr pro-israelisch&#8220;<\/a><\/i> eingestellt sei, wie einer seiner B\u00fcromitarbeiter erkl\u00e4rte, k\u00f6nne schon deshalb den <i>&#8222;Friedensproze\u00df&#8220;<\/i> nicht gef\u00e4hrden, sondern nur f\u00f6rdern. Und in der Tat, h\u00e4tte man nur auf <i>Hans-Gert P\u00f6ttering<\/i> oder seine <i>belgische<\/i> Kollegin <i>Veronique De Keyser<\/i> <a href=\"http:\/\/fr.jpost.com\/servlet\/Satellite?pagename=JPost\/JPArticle\/ShowFull&#038;cid=1180960624343\">geh\u00f6rt<\/a>, s\u00e4he der <i>Nahe Osten<\/i> heute bestimmt ganz anders aus:<\/p>\n<blockquote><p><i>&#8222;&#8218;If we don\u2019t end the boycott the region will descend into civil war and al-Qaida-type terrorist groups will emerge,\u2019 Belgian Socialist lawmaker Veronique De Keyser said ahead of a Wednesday parliamentary debate with the EU\u2019s foreign policy chief Javier Solana on the situation in the region.<\/p>\n<p>\u2018The only solution is to recognize the government that was legitimately elected \u2013 and talk with all of its members,\u2019 she said.&#8220;<\/i><\/p><\/blockquote>\n<p>Das <a href=\"http:\/\/www.tw24.info\/?p=538\">war<\/a> vor drei Jahren. Damals <a href=\"http:\/\/www.tw24.info\/?p=532\">zeigte<\/a> auch <i>Hans-Gert P\u00f6ttering<\/i>, wie freundschaftlich er <i>Israel<\/i> verbunden ist:<\/p>\n<blockquote><p><i>&#8222;Gestern bin ich in Gaza mit Pr\u00e4sident Mahmud Abbas zusammen getroffen. Die wirtschaftliche, soziale und humanit\u00e4re Situation hat mich tief betroffen gemacht. Was ich gesehen habe, ist unzumutbar f\u00fcr die betroffenen Menschen, es ist unannehmbar f\u00fcr die arabische Welt und es ist inakzeptabel f\u00fcr die internationale Staatengemeinschaft. Ich bitte die Regierung Israels: Geben sie die etwa 700 Millionen Dollar pal\u00e4stinensischer Gelder, die auf Zolleinnahmen beruhen, an Pr\u00e4sident Abbas frei, so dass er damit Lehrer und Polizei entlohnen kann.&#8220;<\/i><\/p><\/blockquote>\n<p>Kurz darauf war <i>Abu Mazen<\/i> zwar noch immer <i>&#8222;Pal\u00e4stinenserpr\u00e4sident&#8220;<\/i>, hatte jedoch in <i>Gaza<\/i> nichts mehr zu sagen. Die <i>Hamas<\/i> jagte den unverbesserlichen <i>Kleptokraten<\/i> nach <i>Ramallah<\/i> und machte <i>Gaza<\/i> zu einer <i>islamischen Raketenabschu\u00dframpe<\/i>. Unter <i>finanziellen<\/i> Problemen litt die <i>islamische Terroristenbande<\/i> dabei nie, was sie aber auch nicht <i>friedlicher<\/i> stimmte.<\/p>\n<p>Auch <i>Hans-Gert P\u00f6ttering<\/i> blieb &#8211; <i>Dienstwagen<\/i> her oder hin &#8211; schlie\u00dflich sich und seiner <i>&#8222;Freundschaft&#8220;<\/i> zu <i>Israel<\/i> treu, die er in diesen Tagen in <i>Gaza<\/i> zweifellos noch vertiefen wird. Und daran kann und wird ihn nicht einmal <i>Israel<\/i> hindern. <i><a href=\"http:\/\/euobserver.com\/24\/30095\">&#8222;He added the German MEP &#8218;is of the opinion that the Israeli government cannot tell the members of the European Parliament whom they should see or not.'&#8220;<\/a><\/i><\/p>\n<p>Die \u00dcberschrift <i>&#8222;German MEP Poettering stands with Palestine&#8220;<\/i> wird <i>Hans-Gert P\u00f6ttering<\/i> so sich mit Sicherheit verdienen.\t\t\t\t<\/p>\n","protected":false},"excerpt":{"rendered":"<p>Elvis Costello, der zwei geplante Konzerte in Israel absagte, weil er sich nicht &#8222;politisch vereinnahmen&#8220; lassen will, wurde daf\u00fcr in Abwesenheit und ohne dagegen Einspruch zu erheben von der zweifellos g\u00e4nzlich unpolitischen Hamas zum &#8222;K\u00e4mpfer f\u00fcr Pal\u00e4stina&#8220; bef\u00f6rdert. Nicht so einfach macht es die Hamas dagegen einigen Mitgliedern des Europ\u00e4ischen Parlaments. Die m\u00fcssen n\u00e4mlich selbst [&hellip;]<\/p>\n","protected":false},"author":3,"featured_media":0,"comment_status":"open","ping_status":"open","sticky":false,"template":"","format":"standard","meta":{"footnotes":""},"categories":[2],"tags":[],"class_list":["post-2221","post","type-post","status-publish","format-standard","hentry","category-allgemein"],"_links":{"self":[{"href":"https:\/\/www.tw24.net\/index.php?rest_route=\/wp\/v2\/posts\/2221","targetHints":{"allow":["GET"]}}],"collection":[{"href":"https:\/\/www.tw24.net\/index.php?rest_route=\/wp\/v2\/posts"}],"about":[{"href":"https:\/\/www.tw24.net\/index.php?rest_route=\/wp\/v2\/types\/post"}],"author":[{"embeddable":true,"href":"https:\/\/www.tw24.net\/index.php?rest_route=\/wp\/v2\/users\/3"}],"replies":[{"embeddable":true,"href":"https:\/\/www.tw24.net\/index.php?rest_route=%2Fwp%2Fv2%2Fcomments&post=2221"}],"version-history":[{"count":0,"href":"https:\/\/www.tw24.net\/index.php?rest_route=\/wp\/v2\/posts\/2221\/revisions"}],"wp:attachment":[{"href":"https:\/\/www.tw24.net\/index.php?rest_route=%2Fwp%2Fv2%2Fmedia&parent=2221"}],"wp:term":[{"taxonomy":"category","embeddable":true,"href":"https:\/\/www.tw24.net\/index.php?rest_route=%2Fwp%2Fv2%2Fcategories&post=2221"},{"taxonomy":"post_tag","embeddable":true,"href":"https:\/\/www.tw24.net\/index.php?rest_route=%2Fwp%2Fv2%2Ftags&post=2221"}],"curies":[{"name":"wp","href":"https:\/\/api.w.org\/{rel}","templated":true}]}}