{"id":2226,"date":"2010-05-28T17:07:01","date_gmt":"2010-05-28T15:07:01","guid":{"rendered":"http:\/\/www.tw24.info\/?p=2226"},"modified":"2010-05-28T17:07:01","modified_gmt":"2010-05-28T15:07:01","slug":"du-bist-deutschland-109","status":"publish","type":"post","link":"https:\/\/www.tw24.net\/?p=2226","title":{"rendered":"Du bist Deutschland"},"content":{"rendered":"<p>\t\t\t\tDarum gebeten, sich in <i>Gaza<\/i> f\u00fcr den dort von der <i>&#8222;regierenden&#8220; Hamas<\/i> seit rund vier Jahren rechtlos in Gefangenschaft gehaltenen <i>Gilad Shalit<\/i> einzusetzen, konnten gestern die <i>Free Gaza-&#8222;Menschenrechtsaktivisten&#8220;<\/i> aus <i>Europa<\/i> und <i>Amerika<\/i>, unter ihnen der honorige <i>&#8222;V\u00f6lkerrechtexperte&#8220; <a href=\"http:\/\/ippnw.blogspot.com\/\">Norman Paech<\/a><\/i> und die <i>&#8222;B\u00fcrgerrechtlerin&#8220; Hedy Epstein<\/i>, gar nicht schnell genug erkl\u00e4ren, da\u00df ihnen das Schicksal eines gewaltsam entf\u00fchrten <i>Juden<\/i> v\u00f6llig <a href=\"http:\/\/www.tw24.info\/?p=2224\">gleichg\u00fcltig ist<\/a>.<\/p>\n<p>Einen Tag nach dieser eindrucksvollen <i>Bankrotterkl\u00e4rung<\/i> der <i>Free Gaza<\/i>-Bande \u00fcberschreibt <i>Inge G\u00fcnther<\/i> in der <i>Frankfurter Rundschau<\/i> einen Beitrag, in dem <i>Gilad Shalit<\/i> nicht erw\u00e4hnt, daf\u00fcr aber <i>Greta Berlin<\/i> und ihre Mit-<i>&#8222;Aktivisten&#8220;<\/i> gefeiert werden, so:<\/p>\n<blockquote><p><i><a href=\"http:\/\/www.fr-online.de\/in_und_ausland\/politik\/aktuell\/2692197_Freiheit-auf-dem-Weg-nach-Gaza.html\">&#8222;Freiheit auf dem Weg nach Gaza&#8220;<\/a><\/i><\/p><\/blockquote>\n<p>Kann <i>Journaille<\/i> ihre Menschenverachtung eigentlich noch \u00fcberzeugender demonstrieren?<\/p>\n","protected":false},"excerpt":{"rendered":"<p>Darum gebeten, sich in Gaza f\u00fcr den dort von der &#8222;regierenden&#8220; Hamas seit rund vier Jahren rechtlos in Gefangenschaft gehaltenen Gilad Shalit einzusetzen, konnten gestern die Free Gaza-&#8222;Menschenrechtsaktivisten&#8220; aus Europa und Amerika, unter ihnen der honorige &#8222;V\u00f6lkerrechtexperte&#8220; Norman Paech und die &#8222;B\u00fcrgerrechtlerin&#8220; Hedy Epstein, gar nicht schnell genug erkl\u00e4ren, da\u00df ihnen das Schicksal eines gewaltsam [&hellip;]<\/p>\n","protected":false},"author":3,"featured_media":0,"comment_status":"open","ping_status":"open","sticky":false,"template":"","format":"standard","meta":{"footnotes":""},"categories":[3],"tags":[],"class_list":["post-2226","post","type-post","status-publish","format-standard","hentry","category-du-bist-deutschland"],"_links":{"self":[{"href":"https:\/\/www.tw24.net\/index.php?rest_route=\/wp\/v2\/posts\/2226","targetHints":{"allow":["GET"]}}],"collection":[{"href":"https:\/\/www.tw24.net\/index.php?rest_route=\/wp\/v2\/posts"}],"about":[{"href":"https:\/\/www.tw24.net\/index.php?rest_route=\/wp\/v2\/types\/post"}],"author":[{"embeddable":true,"href":"https:\/\/www.tw24.net\/index.php?rest_route=\/wp\/v2\/users\/3"}],"replies":[{"embeddable":true,"href":"https:\/\/www.tw24.net\/index.php?rest_route=%2Fwp%2Fv2%2Fcomments&post=2226"}],"version-history":[{"count":0,"href":"https:\/\/www.tw24.net\/index.php?rest_route=\/wp\/v2\/posts\/2226\/revisions"}],"wp:attachment":[{"href":"https:\/\/www.tw24.net\/index.php?rest_route=%2Fwp%2Fv2%2Fmedia&parent=2226"}],"wp:term":[{"taxonomy":"category","embeddable":true,"href":"https:\/\/www.tw24.net\/index.php?rest_route=%2Fwp%2Fv2%2Fcategories&post=2226"},{"taxonomy":"post_tag","embeddable":true,"href":"https:\/\/www.tw24.net\/index.php?rest_route=%2Fwp%2Fv2%2Ftags&post=2226"}],"curies":[{"name":"wp","href":"https:\/\/api.w.org\/{rel}","templated":true}]}}