{"id":2353,"date":"2010-07-13T18:00:13","date_gmt":"2010-07-13T16:00:13","guid":{"rendered":"http:\/\/www.tw24.info\/?p=2353"},"modified":"2010-07-13T18:00:13","modified_gmt":"2010-07-13T16:00:13","slug":"du-bist-deutschland-120","status":"publish","type":"post","link":"https:\/\/www.tw24.net\/?p=2353","title":{"rendered":"Du bist Deutschland"},"content":{"rendered":"<p>\t\t\t\t<i>Frankreich<\/i>, wird eben gemeldet, <i><a href=\"http:\/\/www.dw-world.de\/dw\/function\/0,,12356_cid_5790137,00.html\">&#8222;Frankreich verbietet Burka&#8220;<\/a><\/i>:<\/p>\n<blockquote><p><i>&#8222;Das franz\u00f6sische Parlament hat ein landesweites Verbot der Burka beschlossen. Bei der Abstimmung in der Nationalversammlung in Paris votierte nur ein einziger Abgeordneter mit Nein.&#8220;<\/i><\/p><\/blockquote>\n<p><i>Wie<\/i> das Verbot, das noch keins ist, einer <i>&#8222;Kleidung&#8220;<\/i>, die <i>Frauen<\/i> ihrer <i>Individualit\u00e4t<\/i> symbolisch wie tats\u00e4chlich beraubt, sie auf ein <i>&#8222;kleines Textilgitter vor den Augen&#8220;<\/i> beschr\u00e4nkt, begr\u00fcndet wird, wei\u00df die <i>Deutsche Welle<\/i> freilich nicht mitzuteilen. Daf\u00fcr andererseits nehmen die <i>Staatsfunker<\/i> eine weitere <a href=\"http:\/\/www.dw-world.de\/dw\/function\/0,,12356_cid_5790139,00.html\">Meldung<\/a> ins Programm, die doch <i>irgendwie<\/i> pa\u00dft:<\/p>\n<blockquote><p><i>&#8222;Au\u00dfenminister Guido Westerwelle hat eine Streichung mutma\u00dflicher afghanischer Taliban-K\u00e4mpfer von der Terror-Liste der Vereinten Nationen nicht ausgeschlossen [..]. Die radikal-islamische Miliz hatte dies zur Bedingung f\u00fcr Friedensverhandlungen mit der afghanischen Regierung gemacht.&#8220;<\/i><\/p><\/blockquote>\n<p>Da wird &#8211; wenn auch mit kleinen Schritten &#8211; etwas verteidigt, was <i>Emanzipation<\/i> genannt werden darf, dort das <i>Gespr\u00e4ch<\/i> mit <i>islamischen Tugendterroristen<\/i> gesucht, begr\u00fc\u00dft und unterst\u00fctzt mit der Ank\u00fcndigung eines <i>Kniefalls<\/i> vor ihnen. Man mu\u00df ein <i>Burka<\/i>-Verbot nicht unbedingt m\u00f6gen, in <i>Deutschland<\/i> h\u00e4tte es indes wohl ohnehin keine Chance.<\/p>\n<p>Der <i>deutsche Vizekanzler<\/i> hei\u00dft schlie\u00dflich <i>Guido Westerwelle<\/i> und umgarnt gerade die <i>Taliban<\/i>. \t\t\t\t<\/p>\n","protected":false},"excerpt":{"rendered":"<p>Frankreich, wird eben gemeldet, &#8222;Frankreich verbietet Burka&#8220;: &#8222;Das franz\u00f6sische Parlament hat ein landesweites Verbot der Burka beschlossen. Bei der Abstimmung in der Nationalversammlung in Paris votierte nur ein einziger Abgeordneter mit Nein.&#8220; Wie das Verbot, das noch keins ist, einer &#8222;Kleidung&#8220;, die Frauen ihrer Individualit\u00e4t symbolisch wie tats\u00e4chlich beraubt, sie auf ein &#8222;kleines Textilgitter vor [&hellip;]<\/p>\n","protected":false},"author":3,"featured_media":0,"comment_status":"open","ping_status":"open","sticky":false,"template":"","format":"standard","meta":{"footnotes":""},"categories":[3],"tags":[],"class_list":["post-2353","post","type-post","status-publish","format-standard","hentry","category-du-bist-deutschland"],"_links":{"self":[{"href":"https:\/\/www.tw24.net\/index.php?rest_route=\/wp\/v2\/posts\/2353","targetHints":{"allow":["GET"]}}],"collection":[{"href":"https:\/\/www.tw24.net\/index.php?rest_route=\/wp\/v2\/posts"}],"about":[{"href":"https:\/\/www.tw24.net\/index.php?rest_route=\/wp\/v2\/types\/post"}],"author":[{"embeddable":true,"href":"https:\/\/www.tw24.net\/index.php?rest_route=\/wp\/v2\/users\/3"}],"replies":[{"embeddable":true,"href":"https:\/\/www.tw24.net\/index.php?rest_route=%2Fwp%2Fv2%2Fcomments&post=2353"}],"version-history":[{"count":0,"href":"https:\/\/www.tw24.net\/index.php?rest_route=\/wp\/v2\/posts\/2353\/revisions"}],"wp:attachment":[{"href":"https:\/\/www.tw24.net\/index.php?rest_route=%2Fwp%2Fv2%2Fmedia&parent=2353"}],"wp:term":[{"taxonomy":"category","embeddable":true,"href":"https:\/\/www.tw24.net\/index.php?rest_route=%2Fwp%2Fv2%2Fcategories&post=2353"},{"taxonomy":"post_tag","embeddable":true,"href":"https:\/\/www.tw24.net\/index.php?rest_route=%2Fwp%2Fv2%2Ftags&post=2353"}],"curies":[{"name":"wp","href":"https:\/\/api.w.org\/{rel}","templated":true}]}}