{"id":2417,"date":"2010-08-17T18:12:31","date_gmt":"2010-08-17T16:12:31","guid":{"rendered":"http:\/\/www.tw24.info\/?p=2417"},"modified":"2010-08-17T18:12:31","modified_gmt":"2010-08-17T16:12:31","slug":"fernsehdeutschland","status":"publish","type":"post","link":"https:\/\/www.tw24.net\/?p=2417","title":{"rendered":"Fernsehdeutschland"},"content":{"rendered":"<p>\t\t\t\tEs gibt ein <i>Deutschland<\/i>, in dem beginnt f\u00fcr den <i>deutschen Bessermenschen<\/i>-P\u00f6bel die <i>Multikulti-Fete<\/i> erst richtig, nachdem <i>j\u00fcdische<\/i> K\u00fcnstler vom gewaltt\u00e4tigen <i>arabischen<\/i> Kinder-<i>Mob<\/i> <a href=\"http:\/\/www.haz.de\/Hannover\/Aus-der-Stadt\/Uebersicht\/Juedische-Taenzer-beschimpft-und-mit-Steinen-beworfen\">vertrieben<\/a> wurden. Und es gibt ein <i>Fernsehdeutschland<\/i>, das feiert sich daf\u00fcr, da\u00df in ihm <i>&#8222;Jugendliche aus Israel und Pal\u00e4stina&#8220;<\/i> sich treffen, <i><a href=\"http:\/\/sonntags.zdf.de\/ZDFde\/inhalt\/20\/0,1872,8100468,00.html\">&#8222;die sich sonst nie treffen, geschweige denn miteinander reden w\u00fcrden.&#8220;<\/a><\/i><\/p>\n<blockquote><p><i>&#8222;Vielleicht existieren die st\u00e4rksten Spannungen politischer, weltanschaulicher und milit\u00e4rischer Art immer dort, wo man Mauern errichten mu\u00df. Sei es wie damals zwischen BRD und DDR oder wie heute in Nordkorea oder in Israel.&#8220;<\/i><\/p><\/blockquote>\n<p>Der <i>besserdeutsche<\/i> Ansager ist sein Geld wert. <i>Israel<\/i>, <i>&#8222;wo man Mauern errichten mu\u00df&#8220;<\/i>, verortet er &#8211; nat\u00fcrlich ganz <i>unpolitisch<\/i> &#8211; als Kr\u00f6nung in einer Reihe mit der <i>DDR<\/i>, die gewi\u00df <i>schlimm<\/i> war, und <i>Nordkorea<\/i>, das zweifellos <i>schlimmer<\/i> noch <i>ist<\/i> als es die <i>DDR<\/i> je war. Und dann kommt eben <i>Israel<\/i>. Das ist keine <i>Demokratie<\/i>, sondern <i>\u00fcbler<\/i> als das <i>Juche-Paradies<\/i>.<\/p>\n<p>Obgleich unter den sieben Millionen B\u00fcrgern <i>Israels<\/i> jeder f\u00fcnfte <i>arabischer<\/i> Herkunft ist, es also einigerma\u00dfen unwahrscheinlich sein d\u00fcrfte, da\u00df <i>j\u00fcdische<\/i> und <i>arabische Jugendliche<\/i> sich <i>nicht<\/i> \u00fcber den Weg laufen und miteinander kommunizieren, mu\u00df <i>&#8222;die Mauer&#8220;<\/i> daf\u00fcr herhalten, <i>Israel<\/i> implizit <i>Apartheid<\/i> zu unterstellen.<\/p>\n<p>Da\u00df tats\u00e4chlich in <i>&#8222;Pal\u00e4stina&#8220;<\/i> eine <i>Juden raus<\/i>-Politik exekutiert wird, die <i>Israels<\/i> Grenzen nicht anerkennt; da\u00df diese Nichtanerkennung <i>Israels<\/i> ein Grund ist f\u00fcr <i>&#8222;die Mauer&#8220;<\/i> &#8211; das k\u00fcmmert die <i>Besserdeutschen<\/i> vom <i>Staatsfernsehen<\/i> nicht. Es pa\u00dft ja auch nicht zur sch\u00f6nen Idee, die <i>israelische<\/i> Politik sei von Anbeginn verantwortlich f\u00fcr etwas, das <i>Deutschland<\/i> wieder richten (lassen) mu\u00df.<\/p>\n<blockquote><p><i>&#8222;1948 wurde Halima Alaiyan aus Pal\u00e4stina vertrieben. Sie war noch ein Baby, als ihre Familie das Haus und die L\u00e4ndereien in der N\u00e4he von Haifa verlassen musste. Ihre Mutter und sie \u00fcberlebten die Tieffliegerangriffe der Israelis, versteckt unter Leichen \u00e4gyptischer Soldaten.&#8220;<\/i><\/p><\/blockquote>\n<p><i>Israelische Tiefflieger<\/i> &#8211; die Unabh\u00e4ngigkeit <i>Israels<\/i> war \u00fcbrigens kaum ausgerufen, da wollten seine <i>arabischen<\/i> Nachbarn die <i>Juden<\/i> schon ins Meer treiben; <i>&#8222;Pal\u00e4stinenser&#8220;<\/i> sollten beim geplanten Gemetzel nicht im Weg sein, dessen Ausgang auf deren Einladung bei den Angreifern abwarten &#8211; <i>&#8222;vertrieben&#8220; Halima Alaiyan<\/i> ausgerechnet aus <i>Haifa<\/i>, und doch <i>&#8222;bringt sie Jugendliche aus Israel und Pal\u00e4stina&#8220;<\/i> just in <i>Deutschland<\/i> <i>&#8222;zusammen, die sich sonst nie treffen, geschweige denn miteinander reden w\u00fcrden.&#8220;<\/i><\/p>\n<p>So sehen <i>Heldinnen<\/i> von heute aus, wie sie das <i>deutsche<\/i> Staats-TV liebt. Sie vergeben als <i>&#8222;Opfer&#8220;<\/i> der <i>Juden<\/i> den T\u00e4tern, die in und aus <i>Auschwitz<\/i> nichts, aber auch gar nichts gelernt haben. Und sie tun es in <i>Deutschland<\/i>, was dem und seinem <i>Fernsehen<\/i> eine <i>Ehre<\/i> ist. <i>Fernsehdeutschland<\/i> ist sch\u00f6n.<\/p>\n","protected":false},"excerpt":{"rendered":"<p>Es gibt ein Deutschland, in dem beginnt f\u00fcr den deutschen Bessermenschen-P\u00f6bel die Multikulti-Fete erst richtig, nachdem j\u00fcdische K\u00fcnstler vom gewaltt\u00e4tigen arabischen Kinder-Mob vertrieben wurden. Und es gibt ein Fernsehdeutschland, das feiert sich daf\u00fcr, da\u00df in ihm &#8222;Jugendliche aus Israel und Pal\u00e4stina&#8220; sich treffen, &#8222;die sich sonst nie treffen, geschweige denn miteinander reden w\u00fcrden.&#8220; &#8222;Vielleicht existieren [&hellip;]<\/p>\n","protected":false},"author":3,"featured_media":0,"comment_status":"open","ping_status":"open","sticky":false,"template":"","format":"standard","meta":{"footnotes":""},"categories":[2],"tags":[],"class_list":["post-2417","post","type-post","status-publish","format-standard","hentry","category-allgemein"],"_links":{"self":[{"href":"https:\/\/www.tw24.net\/index.php?rest_route=\/wp\/v2\/posts\/2417","targetHints":{"allow":["GET"]}}],"collection":[{"href":"https:\/\/www.tw24.net\/index.php?rest_route=\/wp\/v2\/posts"}],"about":[{"href":"https:\/\/www.tw24.net\/index.php?rest_route=\/wp\/v2\/types\/post"}],"author":[{"embeddable":true,"href":"https:\/\/www.tw24.net\/index.php?rest_route=\/wp\/v2\/users\/3"}],"replies":[{"embeddable":true,"href":"https:\/\/www.tw24.net\/index.php?rest_route=%2Fwp%2Fv2%2Fcomments&post=2417"}],"version-history":[{"count":0,"href":"https:\/\/www.tw24.net\/index.php?rest_route=\/wp\/v2\/posts\/2417\/revisions"}],"wp:attachment":[{"href":"https:\/\/www.tw24.net\/index.php?rest_route=%2Fwp%2Fv2%2Fmedia&parent=2417"}],"wp:term":[{"taxonomy":"category","embeddable":true,"href":"https:\/\/www.tw24.net\/index.php?rest_route=%2Fwp%2Fv2%2Fcategories&post=2417"},{"taxonomy":"post_tag","embeddable":true,"href":"https:\/\/www.tw24.net\/index.php?rest_route=%2Fwp%2Fv2%2Ftags&post=2417"}],"curies":[{"name":"wp","href":"https:\/\/api.w.org\/{rel}","templated":true}]}}