{"id":2582,"date":"2010-11-07T14:40:11","date_gmt":"2010-11-07T13:40:11","guid":{"rendered":"http:\/\/www.tw24.info\/?p=2582"},"modified":"2010-11-07T14:40:11","modified_gmt":"2010-11-07T13:40:11","slug":"besondere-verantwortung","status":"publish","type":"post","link":"https:\/\/www.tw24.net\/?p=2582","title":{"rendered":"&#8222;Besondere Verantwortung&#8220;"},"content":{"rendered":"<p>\t\t\t\tDer <i>Deutschen<\/i> Au\u00dfenminister <i>Guido Westerwelle<\/i> besucht in diesen Tagen den <i>Nahen Osten<\/i>. Wie wichtig <i>ihm<\/i> und <i>seinen<\/i> Mitarbeitern diese <i>Visite<\/i> ist, <a href=\"http:\/\/www.auswaertiges-amt.de\/diplo\/de\/AAmt\/Leitung\/TermineBM.html\">verr\u00e4t<\/a> ein Blick auf den offiziellen <i>Terminplan<\/i> des <i>Ausw\u00e4rtigen Amts<\/i>: Wo der Nachfolger <i>J\u00fcrgen W. M\u00f6llemanns<\/i> im Amt des <i>FDP<\/i>-Vorsitzenden am Sonn- und Montag <i>Deutschland<\/i> repr\u00e4sentieren will, ist dort nicht zu erfahren.<\/p>\n<p>Immerhin <a href=\"http:\/\/www.auswaertiges-amt.de\/diplo\/de\/Infoservice\/Presse\/Interviews\/2010\/101107-BM-Jedioth-Ahronoth.html\">dokumentiert<\/a> das <i>Ausw\u00e4rtige Amt<\/i>, das dabei einen <i>Lieberman<\/i> nicht von einem <i>Liebermann<\/i> unterscheiden kann, ein Interview, das <i>Guido Westerwelle<\/i> der Zeitung <i>Jedioth Ahronoth<\/i> gab. Und w\u00e4hrend an anderer Stelle der <i>Hamas<\/i>&#8211;<I>&#8222;Funktion\u00e4r&#8220; Mahmoud Al-Zahar<\/i> <a href=\"http:\/\/qassam.ps\/news-3735-Zahar_Jews_will_soon_be_expelled_from_Palestine.html\">ank\u00fcndigte<\/a>, <i>&#8222;Pal\u00e4stina&#8220;<\/i> werde <i>&#8222;bald&#8220;<\/i> <i>judenrein<\/i> sein, weigert der <i>deutsche<\/i> Au\u00dfenminister sich hier, <i>Israel<\/i> ausdr\u00fccklich eine <i>j\u00fcdische Demokratie<\/i> zu nennen:<\/p>\n<blockquote><p><i>&#8222;Akzeptieren Sie Premier Netanjahus Forderung, dass Israel von der arabischen und muslimischen Welt als j\u00fcdischer Staat anerkannt wird?<\/p>\n<p>Das heutige Israel ist unzweifelhaft durch seine demokratischen und j\u00fcdischen Traditionen gepr\u00e4gt. Die Verwirklichung der Zweistaatenl\u00f6sung dient auch der von Israel gew\u00fcnschten Bewahrung dieser Traditionen.<\/p>\n<p>Akzeptiert Deutschland die Idee, dass Israel ein j\u00fcdischer Staat ist und so bleiben soll?<\/p>\n<p>Wir m\u00f6chten, dass Israel seine demokratische und j\u00fcdische Pr\u00e4gung im Rahmen einer gerechten Friedensl\u00f6sung bewahrt.&#8220;<\/i><\/p><\/blockquote>\n<p>So sieht sie aus, die <i>&#8222;besondere Verantwortung&#8220;<\/i>, die <i>&#8222;wir [..] aufgrund unserer Geschichte gegen\u00fcber Israel&#8220;<\/i> haben: <i>&#8222;Die Sicherheit Israels ist f\u00fcr uns nicht verhandelbar&#8220;<\/i>, seine Existenz als <i>j\u00fcdische<\/i> Demokratie aber schon. <i>&#8222;Die Verwirklichung der Zweistaatenl\u00f6sung dient auch der von Israel gew\u00fcnschten Bewahrung dieser Traditionen&#8220;<\/i>, ohne verhandelte <i>&#8222;Zweistaatenl\u00f6sung&#8220;<\/i> gibt es also keine und auch sonst nur <i>Traditionspflege<\/i>.<\/p>\n<p>Um <a href=\"http:\/\/www.auswaertiges-amt.de\/diplo\/de\/__ElementeStart\/Sprecher,navCtx=21914.html\">voranzubrigen<\/a>, was im <i>Ausw\u00e4rtigen Amt<\/i> als <i>&#8222;Zweistaatenl\u00f6sung&#8220;<\/i> tats\u00e4chlich unverhandelbar ist, wird <i>Guido Westerwelle<\/i> <i>&#8222;mit dem pal\u00e4stinensischen Chefunterh\u00e4ndler f\u00fcr den Nahostkonflikt zusammentreffen, Sajeb Erakat.&#8220;<\/i> <i>Saeb Erekat<\/i> vertritt dabei eine <i>&#8222;Pal\u00e4stinenserregierung&#8220;<\/i>, die schon jetzt <i>antisemitischen<\/i> Terroristen einen Freibrief <a href=\"http:\/\/maannews.net\/eng\/ViewDetails.aspx?ID=330933\">ausstellt<\/a>:<\/p>\n<blockquote><p><i>&#8222;Members of armed Palestinian groups will be protected under security arrangements that are a part of a planned unity agreement, a senior Fatah official in Gaza said Thursday.&#8220;<\/i><\/p><\/blockquote>\n<p><i>Saeb Erekat<\/i> geh\u00f6rt einer <i>&#8222;gem\u00e4\u00dfigten&#8220; PA<\/i> an, deren <i>&#8222;Pal\u00e4stina&#8220;<\/i> <a href=\"http:\/\/palwatch.org\/main.aspx?fi=157&#038;doc_id=3467\">keine gemeinsame Grenze<\/a> mit <i>Israel<\/i> hat, deren ganze <i>&#8222;M\u00e4\u00dfigung&#8220;<\/i> damit darin zu bestehen scheint, die <i>Drecksarbeit<\/i> gegebenenfalls anderen <i>Banden<\/i> \u00fcberlassen zu wollen, denen f\u00fcr ihren <i><strike>Terrorismus<\/strike>&#8222;Widerstand&#8220;<\/i> keine Strafen, sondern allein Ruhm und eine Beteiligung an einer <i>&#8222;pal\u00e4stinensischen Einheitsregierung&#8220;<\/i> drohen.<\/p>\n<p><i>&#8222;Die Sicherheit Israels ist uns von gr\u00f6\u00dfter Bedeutung. Wir wollen aber auch die moderaten Kr\u00e4fte auf Seiten der Pal\u00e4stinenser unterst\u00fctzen&#8220;<\/i>, <a href=\"http:\/\/www.auswaertiges-amt.de\/diplo\/de\/Infoservice\/Presse\/Interviews\/2010\/101106-BM-FAZ.html\">verriet<\/a> <i>Guido Westerwelle<\/i> der <i>FAZ<\/i>. Der Regierung in <i>Jerusalem<\/i> ist zu raten, den <i>deutschen<\/i> Au\u00dfenminister beim Wort zu nehmen.\t\t\t\t<\/p>\n","protected":false},"excerpt":{"rendered":"<p>Der Deutschen Au\u00dfenminister Guido Westerwelle besucht in diesen Tagen den Nahen Osten. Wie wichtig ihm und seinen Mitarbeitern diese Visite ist, verr\u00e4t ein Blick auf den offiziellen Terminplan des Ausw\u00e4rtigen Amts: Wo der Nachfolger J\u00fcrgen W. M\u00f6llemanns im Amt des FDP-Vorsitzenden am Sonn- und Montag Deutschland repr\u00e4sentieren will, ist dort nicht zu erfahren. Immerhin dokumentiert [&hellip;]<\/p>\n","protected":false},"author":3,"featured_media":0,"comment_status":"open","ping_status":"open","sticky":false,"template":"","format":"standard","meta":{"footnotes":""},"categories":[2],"tags":[],"class_list":["post-2582","post","type-post","status-publish","format-standard","hentry","category-allgemein"],"_links":{"self":[{"href":"https:\/\/www.tw24.net\/index.php?rest_route=\/wp\/v2\/posts\/2582","targetHints":{"allow":["GET"]}}],"collection":[{"href":"https:\/\/www.tw24.net\/index.php?rest_route=\/wp\/v2\/posts"}],"about":[{"href":"https:\/\/www.tw24.net\/index.php?rest_route=\/wp\/v2\/types\/post"}],"author":[{"embeddable":true,"href":"https:\/\/www.tw24.net\/index.php?rest_route=\/wp\/v2\/users\/3"}],"replies":[{"embeddable":true,"href":"https:\/\/www.tw24.net\/index.php?rest_route=%2Fwp%2Fv2%2Fcomments&post=2582"}],"version-history":[{"count":0,"href":"https:\/\/www.tw24.net\/index.php?rest_route=\/wp\/v2\/posts\/2582\/revisions"}],"wp:attachment":[{"href":"https:\/\/www.tw24.net\/index.php?rest_route=%2Fwp%2Fv2%2Fmedia&parent=2582"}],"wp:term":[{"taxonomy":"category","embeddable":true,"href":"https:\/\/www.tw24.net\/index.php?rest_route=%2Fwp%2Fv2%2Fcategories&post=2582"},{"taxonomy":"post_tag","embeddable":true,"href":"https:\/\/www.tw24.net\/index.php?rest_route=%2Fwp%2Fv2%2Ftags&post=2582"}],"curies":[{"name":"wp","href":"https:\/\/api.w.org\/{rel}","templated":true}]}}