{"id":2584,"date":"2010-11-08T18:44:57","date_gmt":"2010-11-08T17:44:57","guid":{"rendered":"http:\/\/www.tw24.info\/?p=2584"},"modified":"2010-11-08T18:44:57","modified_gmt":"2010-11-08T17:44:57","slug":"guido-westerwelle-beschenkt-die-hamas","status":"publish","type":"post","link":"https:\/\/www.tw24.net\/?p=2584","title":{"rendered":"Guido Westerwelle beschenkt die Hamas"},"content":{"rendered":"<p>\t\t\t\t<i>Guido Westerwelle<\/i> hat bei seiner Visite in <i>Gaza<\/i> die <i>Hamas<\/i> gegen sich <a href=\"http:\/\/www.haaretz.com\/news\/diplomacy-defense\/hamas-slams-german-foreign-minister-s-refusal-to-meet-1.323587\">aufgebracht<\/a>. Zwar besuchte der <i>deutsche<\/i> Au\u00dfenminister eine Schule, die von der <i>UNRWA<\/i> betrieben wird, dem zivilen Arm der <i>Hamas<\/i>&#8211;<i>&#8222;Regierung&#8220;<\/i>, wollte sich aber nicht mit offiziellen <i>Hamas<\/i>&#8211; Vertretern treffen.<\/p>\n<blockquote><p><i>&#8222;Senior Hamas leader and legislator Kamal Shrafi said that while the Islamist Palestinian movement welcomed a visit by an official of his standing, it was &#8218;completely wrong to come to Gaza and not meet with the legal government&#8217;s representative.&#8216; [..] <\/p>\n<p>&#8218;We really condemn the refusal of officials and diplomats to hold talks with the Palestinian government, which was legally elected with transparency by the Palestinian people. Every official arriving in Gaza did not meet with anybody here, and this is really insulting,&#8216; Shrafi said.&#8220;<\/i><\/p><\/blockquote>\n<p>Wenn die <i>Hamas<\/i> sich <i>&#8222;verletzt&#8220;<\/i> f\u00fchlt, schie\u00dft sie regelm\u00e4\u00dfig um sich. Die j\u00fcngste <i>Kr\u00e4nkung<\/i> der <i>&#8222;demokratisch gew\u00e4hlten Regierung&#8220; Gazas<\/i> durch <i>Guido Westerwelle<\/i> wird wahrscheinlich nicht zu einem erh\u00f6hten Briefbombenaufkommen im <i>Ausw\u00e4rtigen Amt<\/i> zu <i>Berlin<\/i> f\u00fchren, bevorzugtes Ziel der <i>Hamas<\/i> ist und bleibt <i>Israel<\/i>.<\/p>\n<p>Das wei\u00df auch <i>Guido Westerwelle<\/i>. Deshalb sorgte er f\u00fcr den Fall vor, da\u00df die <i>Hamas<\/i> nun versuchen sollte, ihre durch den <i>deutschen<\/i> Vizekanzler verletzte Ehre wiederherzustellen. <i>&#8222;Gaza darf von uns und wird von uns nicht vergessen werden&#8220;<\/i>, <a href=\"http:\/\/www.google.com\/hostednews\/afp\/article\/ALeqM5haFIiSulYWV7-fMu-i9wAagPdCxQ?docId=CNG.511b13932e59994a4254ee5099fe980d.1d1\">erkl\u00e4rte<\/a> er f\u00fcr die <i>deutsche<\/i> Regierung, <i>&#8222;es ist inakzeptabel, 1,5 Millionen Menschen zu blockieren&#8220;<\/i>.<\/p>\n<blockquote><p><i>&#8222;Die im Sommer 2006 verh\u00e4ngte Strafma\u00dfnahme st\u00e4rke die radikalen und schw\u00e4che die moderaten Kr\u00e4fte, sagte Westerwelle. [..] Es sei die Haltung der Bundesregierung und der EU, dass Importe und Exporte wieder zugelassen werden m\u00fcssten.&#8220;<\/i><\/p><\/blockquote>\n<p>Es ist lustig, da\u00df <i>Guido Westerwelle<\/i> sich aufschwingt zum Besch\u00fctzer der in <i>Gaza<\/i> lebenden <i>&#8222;Pal\u00e4stinenser&#8220;<\/i>. Die haben, jedenfalls nach Ansicht ihrer <i>&#8222;Regierung&#8220;<\/i> und verschiedener <i>&#8222;Menschenrechtsaktivisten&#8220;<\/i> in aller Welt, mehrheitlich die <i>Hamas &#8222;demokratisch gew\u00e4hlt&#8220;<\/i>. Trifft der <i>deutsche<\/i> Au\u00dfenminister sich nicht mit so <i>legitimierten &#8222;Regierungsvertretern&#8220;<\/i>, verletzt er deren <i>W\u00e4hler<\/i>.<\/p>\n<p>Und das sind &#8211; bis zu <i>&#8222;1,5 Millionen Menschen&#8220;<\/i>. K\u00f6nnten die nun nicht erst recht zu <i>Hamas<\/i>-Anh\u00e4ngern werden? Diese Frage hat der <i>deutsche<\/i> Au\u00dfenminister sich offensichtlich nicht gestellt. Seine <i>&#8222;Logik&#8220;<\/i> ist freilich auch sonst ganz bemerkenswert, gelingt es ihm mit ihr doch, <i>Ursache<\/i> und <i>Wirkung<\/i> zu vertauschen.<\/p>\n<p>Nachdem <i>Israel<\/i> 2005 <i>Gaza<\/i> r\u00e4umte, im schrecklichsten Wortsinn <i>judenrein<\/i> verlie\u00df, wurde es durch die <i>Hamas<\/i> erst recht mit Raketen und M\u00f6rsern angegriffen. 2006 \u00fcberfielen <i>&#8222;pal\u00e4stinensische&#8220;<\/i> Terroristen einen <i>israelischen<\/i> Grenzposten <i>in Israel<\/i> und verschleppten <i>Gilad Shalit<\/i> &#8211; und erst <i>darauf<\/i> folgte die <i>&#8222;Blockade&#8220;<\/i>.<\/p>\n<p>Ganz ohne <i>&#8222;Blockade&#8220;<\/i> war die <i>Hamas<\/i>, waren die <i>&#8222;radikalen Kr\u00e4fte&#8220;<\/i> in der Lage, die Macht in <i>Gaza<\/i> zu erobern und seither an der Macht zu bleiben &#8211; gest\u00fctzt und gest\u00e4rkt durch <i>UNRWA<\/i> und <a href=\"http:\/\/elderofziyon.blogspot.com\/2010\/10\/ngos-admit-how-they-help-hamas.html\">diverse <i>&#8222;NGOs&#8220;<\/i><\/a>, die f\u00fcr die <i>islamische<\/i> Bande die Organisation dessen \u00fcbernehmen, was anderswo als <i>Gemeinwesen<\/i> Sache von Regierungen ist.<\/p>\n<p>Nicht <i>Schw\u00e4che<\/i> lie\u00df die <i>Hamas<\/i> die Macht in <i>Gaza<\/i> \u00fcbernehmen und Raketen auf <i>Israel<\/i> abfeuern, sondern <i>St\u00e4rke<\/i> &#8211; die <i>&#8222;Blockade&#8220;<\/i> ist eine <i>Folge<\/i>, nicht deren <i>Ursache<\/i>, wie <i>Guido Westerwelle<\/i> behauptet.<\/p>\n<p>Die <i>Hamas<\/i> wird ihm vergeben k\u00f6nnen, da\u00df er sie als <i>&#8222;Regierung&#8220;<\/i> schnitt. Das Geschenk, das der <i>deutsche<\/i> Au\u00dfenminister der <i>Hamas<\/i> machte, indem er ihr eine <i>Rechtfertigung<\/i> f\u00fcr ihren <i>Terror<\/i> gegen <i>Istrael<\/i> und all seine <i>B\u00fcrger<\/i> gab, d\u00fcrfte die <i>&#8222;Kr\u00e4nkung&#8220;<\/i> mehr als aufwiegen.\t\t\t\t<\/p>\n","protected":false},"excerpt":{"rendered":"<p>Guido Westerwelle hat bei seiner Visite in Gaza die Hamas gegen sich aufgebracht. Zwar besuchte der deutsche Au\u00dfenminister eine Schule, die von der UNRWA betrieben wird, dem zivilen Arm der Hamas&#8211;&#8222;Regierung&#8220;, wollte sich aber nicht mit offiziellen Hamas&#8211; Vertretern treffen. &#8222;Senior Hamas leader and legislator Kamal Shrafi said that while the Islamist Palestinian movement welcomed [&hellip;]<\/p>\n","protected":false},"author":3,"featured_media":0,"comment_status":"open","ping_status":"open","sticky":false,"template":"","format":"standard","meta":{"footnotes":""},"categories":[2],"tags":[],"class_list":["post-2584","post","type-post","status-publish","format-standard","hentry","category-allgemein"],"_links":{"self":[{"href":"https:\/\/www.tw24.net\/index.php?rest_route=\/wp\/v2\/posts\/2584","targetHints":{"allow":["GET"]}}],"collection":[{"href":"https:\/\/www.tw24.net\/index.php?rest_route=\/wp\/v2\/posts"}],"about":[{"href":"https:\/\/www.tw24.net\/index.php?rest_route=\/wp\/v2\/types\/post"}],"author":[{"embeddable":true,"href":"https:\/\/www.tw24.net\/index.php?rest_route=\/wp\/v2\/users\/3"}],"replies":[{"embeddable":true,"href":"https:\/\/www.tw24.net\/index.php?rest_route=%2Fwp%2Fv2%2Fcomments&post=2584"}],"version-history":[{"count":0,"href":"https:\/\/www.tw24.net\/index.php?rest_route=\/wp\/v2\/posts\/2584\/revisions"}],"wp:attachment":[{"href":"https:\/\/www.tw24.net\/index.php?rest_route=%2Fwp%2Fv2%2Fmedia&parent=2584"}],"wp:term":[{"taxonomy":"category","embeddable":true,"href":"https:\/\/www.tw24.net\/index.php?rest_route=%2Fwp%2Fv2%2Fcategories&post=2584"},{"taxonomy":"post_tag","embeddable":true,"href":"https:\/\/www.tw24.net\/index.php?rest_route=%2Fwp%2Fv2%2Ftags&post=2584"}],"curies":[{"name":"wp","href":"https:\/\/api.w.org\/{rel}","templated":true}]}}