{"id":2627,"date":"2010-12-04T09:21:02","date_gmt":"2010-12-04T08:21:02","guid":{"rendered":"http:\/\/www.tw24.info\/?p=2627"},"modified":"2010-12-04T09:21:02","modified_gmt":"2010-12-04T08:21:02","slug":"guidos-solidaritaet","status":"publish","type":"post","link":"https:\/\/www.tw24.net\/?p=2627","title":{"rendered":"Guidos Solidarit\u00e4t"},"content":{"rendered":"<p>\t\t\t\tAls <i>Guido Westerwelle<\/i>, dann doch einfiel, er k\u00f6nne, da seine <i>Kanzlerin<\/i> mit wichtigeren Dingen sich besch\u00e4ftigte, <i>&#8222;angesichts der zahlreichen Opfer bei den anhaltenden Waldbr\u00e4nden in Israel [..] seinem israelischen Amtskollegen Avigdor Lieberman ein Kondolenzschreiben&#8220;<\/i> schicken, gab er sich <a href=\"http:\/\/www.auswaertiges-amt.de\/DE\/Infoservice\/Presse\/Meldungen\/2010\/101203-Waldbrand-ISR.html\">gro\u00dfz\u00fcgig<\/a>:<\/p>\n<blockquote><p><i>&#8222;Deutschland steht in dieser schweren Stunde solidarisch an der Seite Israels.&#8220;<\/i><\/p><\/blockquote>\n<p>Das <i>solidarische Deutschland<\/i>, das <i>Guido Westerwelle<\/i> vertritt, <a href=\"http:\/\/www.taz.de\/1\/politik\/deutschland\/artikel\/1\/das-buergertum-verroht\/\">beschreibt<\/a> eine aktuelle <i>Studie<\/i> so:<\/p>\n<blockquote><p><i>&#8222;Seit 2008 deutet sich zudem ein erneuter Anstieg des Antisemitismus an, was vor allem beim israelbezogenen Antisemitismus zu sehen ist [..]. So stimmten in diesem Jahr 38 Prozent der Befragten der Aussage zu: &#8218;Bei der Politik, die Israel macht, kann ich gut verstehen, dass man etwas gegen Juden hat.&#8216; Und 57 Prozent benutzen Weltkriegsvokabular, das eine Gleichstellung von Nazis und Juden unterstellt, wenn sie sagen: &#8218;Israel f\u00fchrt einen Vernichtungskrieg gegen die Pal\u00e4stinenser.&#8216; [..] Dass der Antisemitismus im Vergleich zu Portugal, D\u00e4nemark, den Niederlanden und Frankreich in Deutschland deutlich h\u00f6her ist, hatten die M\u00fcnsteraner Fachleute am Donnerstag ebenfalls festgestellt.&#8220;<\/i><\/p><\/blockquote>\n","protected":false},"excerpt":{"rendered":"<p>Als Guido Westerwelle, dann doch einfiel, er k\u00f6nne, da seine Kanzlerin mit wichtigeren Dingen sich besch\u00e4ftigte, &#8222;angesichts der zahlreichen Opfer bei den anhaltenden Waldbr\u00e4nden in Israel [..] seinem israelischen Amtskollegen Avigdor Lieberman ein Kondolenzschreiben&#8220; schicken, gab er sich gro\u00dfz\u00fcgig: &#8222;Deutschland steht in dieser schweren Stunde solidarisch an der Seite Israels.&#8220; Das solidarische Deutschland, das Guido [&hellip;]<\/p>\n","protected":false},"author":3,"featured_media":0,"comment_status":"open","ping_status":"open","sticky":false,"template":"","format":"standard","meta":{"footnotes":""},"categories":[2],"tags":[],"class_list":["post-2627","post","type-post","status-publish","format-standard","hentry","category-allgemein"],"_links":{"self":[{"href":"https:\/\/www.tw24.net\/index.php?rest_route=\/wp\/v2\/posts\/2627","targetHints":{"allow":["GET"]}}],"collection":[{"href":"https:\/\/www.tw24.net\/index.php?rest_route=\/wp\/v2\/posts"}],"about":[{"href":"https:\/\/www.tw24.net\/index.php?rest_route=\/wp\/v2\/types\/post"}],"author":[{"embeddable":true,"href":"https:\/\/www.tw24.net\/index.php?rest_route=\/wp\/v2\/users\/3"}],"replies":[{"embeddable":true,"href":"https:\/\/www.tw24.net\/index.php?rest_route=%2Fwp%2Fv2%2Fcomments&post=2627"}],"version-history":[{"count":0,"href":"https:\/\/www.tw24.net\/index.php?rest_route=\/wp\/v2\/posts\/2627\/revisions"}],"wp:attachment":[{"href":"https:\/\/www.tw24.net\/index.php?rest_route=%2Fwp%2Fv2%2Fmedia&parent=2627"}],"wp:term":[{"taxonomy":"category","embeddable":true,"href":"https:\/\/www.tw24.net\/index.php?rest_route=%2Fwp%2Fv2%2Fcategories&post=2627"},{"taxonomy":"post_tag","embeddable":true,"href":"https:\/\/www.tw24.net\/index.php?rest_route=%2Fwp%2Fv2%2Ftags&post=2627"}],"curies":[{"name":"wp","href":"https:\/\/api.w.org\/{rel}","templated":true}]}}