{"id":2670,"date":"2018-03-11T09:56:35","date_gmt":"2018-03-11T09:56:35","guid":{"rendered":"http:\/\/www.tw24.net\/?p=2670"},"modified":"2018-03-11T09:56:35","modified_gmt":"2018-03-11T09:56:35","slug":"fanatismus-2","status":"publish","type":"post","link":"https:\/\/www.tw24.net\/?p=2670","title":{"rendered":"Fanatismus"},"content":{"rendered":"<p>\t\t\t\tDie bisherige Geschichte Ahed Tamimis ist eine eines Mi\u00dfbrauchs, der sie vom Opfer l\u00e4ngst zur T\u00e4terin werden lie\u00df. Die junge \u00bbPal\u00e4stinenserin\u00ab ist eine von skrupellosen Eltern und Angeh\u00f6rigen geformte Ware, die sich wohl in ihrer Rolle als \u00bbPoster Girl\u00ab eines weltweiten antisemitischen Mobs gef\u00e4llt, zu dem sich in dieser Woche im Klatschmagazin <i>SPIEGEL<\/i> Juliane von Mittelstaedt gesellt.<\/p>\n<p>Auf f\u00fcnf Seiten darf die Journaillistin ihren Ressentiments freien Lauf lassen, den Mi\u00dfbrauch Ahed Tamimis und das, was schlie\u00dflich ihr Untersuchungshaft und ein andauerndes Verfahren mit der Aussicht auf eine Haftstrafe einbrachte, glorifizieren und Israel d\u00e4monisieren. <i>Pallywood<\/i> liefert, und der <i>SPIEGEL<\/i> f\u00e4llt darauf herein, macht sich zum Komplizen mit seiner Autorin, die klagt:<\/p>\n<blockquote><p>\u00bb[Das Gericht] schlie\u00dft nach den ersten zehn Minuten alle Beobachter vom Prozess aus. Nur die Angeh\u00f6rigen d\u00fcrfen bleiben. Die Begr\u00fcndung, sie ist schon fast zum Lachen: zum Schutze der Minderj\u00e4hrigen.\u00ab<\/p><\/blockquote>\n<p class=\"Normal\"><span class=\"tm6\">Es <\/span><u><a href=\"https:\/\/dejure.org\/gesetze\/JGG\/48.html\"><span class=\"tm9\">soll<\/span><\/a><\/u> sogar im deutschen Rechtsstaat eine Selbstverst\u00e4ndlichkeit sein, die \u00d6ffentlichkeit von Verfahren auszuschlie\u00dfen, die gegen Minderj\u00e4hrige gef\u00fchrt werden. Bis dahin hat der Leser von Juliane von Mittelstaedt schon erfahren, da\u00df Faustschl\u00e4ge und selbst Steinw\u00fcrfe \u00bbfriedliche\u00ab Formen von Kritik sind. Sollte man der Journaillistin solcherart <em><span class=\"tm7\">friedliche<\/span><\/em><span class=\"tm6\"> Leserbriefschreiber w\u00fcnschen?<\/p>\n<p>Juliane von Mittelstaedts Wahrheiten weichen geringf\u00fcgig von der Wirklichkeit ab. H\u00f6rt bei ihr beispielsweise ein Video nach \u00bbetwas \u00fcber zwei Minuten\u00ab auf, so ist doch <a href=\"https:\/\/www.youtube.com\/watch?v=7QYIEu7SJVE&amp;t=1m14s\">dokumentiert<\/a>, was danach kam: Eine Ahed Tamimi, die laut \u00fcber bewaffnete Angriffe auf Juden nachdenkt, \u00fcber Attacken mit Messern und \u00bbM\u00e4rtyrer-Operationen\u00ab. Und was sagte die \u00bbPal\u00e4stinenserin\u00ab wohl im Europaparlament?<\/p>\n<p>Im <i>SPIEGEL<\/i> wird zwar der Auftritt der \u00bbPal\u00e4stinenserin\u00ab dort erw\u00e4hnt, jedoch dezent unterschlagen, wie sie sich dort vor der Flugzeugentf\u00fchrerin Leila Khaled <a href=\"https:\/\/youtu.be\/SsOHxuJ7BK4?t=1453\">verbeugte<\/a>, da\u00df sie sich stolz mit der Terroristin <a href=\"https:\/\/twitter.com\/AfendiMuteki\/status\/947274078066536448\">ablichten<\/a> lie\u00df. Und nat\u00fcrlich unterschl\u00e4gt Juliane von Mittelstaedt auch, da\u00df die Fatah, die das Regime in Ramallah stellt, <a href=\"https:\/\/twitter.com\/fatehorg\/status\/947164896143257601\">Ahed Tamimi<\/a> in einem <a href=\"https:\/\/twitter.com\/fatehorg\/status\/947167221629030401\">Atemzug<\/a> mit <a href=\"https:\/\/twitter.com\/fatehorg\/status\/947167255107915778\">\u00bbM\u00e4rtyrerinnen\u00ab<\/a> nennt.<\/p>\n<p>F\u00fcr <i>Pallywood<\/i> verliert Ahed Tamimi mit zunehmendem Alter ihren Reiz. Deshalb baut ihr Vater mit \u00bbJanna Jihad\u00ab bereits das n\u00e4chste Kind zum noch besser vermarktbaren \u00bbStar\u00ab auf. Erkennt wenigstens hier Juliane von Mittelstaedt den durchaus professionellen Mi\u00dfbrauch eines Kindes? Nein, die Komplizin ist begeistert von der kleinen <i>Jihadistin<\/i>: \u00bbSie sagt tats\u00e4chlich: Nierenriss. Auf Englisch.\u00ab\t\t\t\t<\/p>\n","protected":false},"excerpt":{"rendered":"<p>Die bisherige Geschichte Ahed Tamimis ist eine eines Mi\u00dfbrauchs, der sie vom Opfer l\u00e4ngst zur T\u00e4terin werden lie\u00df. Die junge \u00bbPal\u00e4stinenserin\u00ab ist eine von skrupellosen Eltern und Angeh\u00f6rigen geformte Ware, die sich wohl in ihrer Rolle als \u00bbPoster Girl\u00ab eines weltweiten antisemitischen Mobs gef\u00e4llt, zu dem sich in dieser Woche im Klatschmagazin SPIEGEL Juliane von [&hellip;]<\/p>\n","protected":false},"author":1,"featured_media":0,"comment_status":"open","ping_status":"open","sticky":false,"template":"","format":"standard","meta":{"footnotes":""},"categories":[2],"tags":[19,38,67,98,102,112,194,201,218,305,374],"class_list":["post-2670","post","type-post","status-publish","format-standard","hentry","category-allgemein","tag-ahed-tamimi","tag-antisemitismus","tag-bias","tag-der-spiegel","tag-deutschland","tag-double-standards","tag-israel","tag-janna-jihad","tag-juliane-von-mittelstaedt","tag-pallywood","tag-terrorismus"],"_links":{"self":[{"href":"https:\/\/www.tw24.net\/index.php?rest_route=\/wp\/v2\/posts\/2670","targetHints":{"allow":["GET"]}}],"collection":[{"href":"https:\/\/www.tw24.net\/index.php?rest_route=\/wp\/v2\/posts"}],"about":[{"href":"https:\/\/www.tw24.net\/index.php?rest_route=\/wp\/v2\/types\/post"}],"author":[{"embeddable":true,"href":"https:\/\/www.tw24.net\/index.php?rest_route=\/wp\/v2\/users\/1"}],"replies":[{"embeddable":true,"href":"https:\/\/www.tw24.net\/index.php?rest_route=%2Fwp%2Fv2%2Fcomments&post=2670"}],"version-history":[{"count":0,"href":"https:\/\/www.tw24.net\/index.php?rest_route=\/wp\/v2\/posts\/2670\/revisions"}],"wp:attachment":[{"href":"https:\/\/www.tw24.net\/index.php?rest_route=%2Fwp%2Fv2%2Fmedia&parent=2670"}],"wp:term":[{"taxonomy":"category","embeddable":true,"href":"https:\/\/www.tw24.net\/index.php?rest_route=%2Fwp%2Fv2%2Fcategories&post=2670"},{"taxonomy":"post_tag","embeddable":true,"href":"https:\/\/www.tw24.net\/index.php?rest_route=%2Fwp%2Fv2%2Ftags&post=2670"}],"curies":[{"name":"wp","href":"https:\/\/api.w.org\/{rel}","templated":true}]}}