{"id":2776,"date":"2018-04-19T15:16:07","date_gmt":"2018-04-19T15:16:07","guid":{"rendered":"http:\/\/www.tw24.net\/?p=2776"},"modified":"2018-04-19T15:16:07","modified_gmt":"2018-04-19T15:16:07","slug":"falscher-freund","status":"publish","type":"post","link":"https:\/\/www.tw24.net\/?p=2776","title":{"rendered":"Falscher Freund"},"content":{"rendered":"<p>\t\t\t\tSigmar Gabriel, der als deutscher Au\u00dfenministerdarsteller nichts unversucht lie\u00df, die ohnehin schon ruinierten Beziehungen Berlins zum j\u00fcdischen Staat noch weiter zu belasten, hat gegen\u00fcber der Tageszeitung <i>Die Welt<\/i> erkl\u00e4rt, er w\u00fcrde seine 2012 ge\u00e4u\u00dferte Gleichsetzung Israels mit dem ehemaligen Apartheid-Regime in S\u00fcdafrika \u00bbnicht wiederholen\u00ab, da Israel \u00bbein demokratischer Staat\u00ab sei.<\/p>\n<p>Gleichwohl aber meint er betonen zu m\u00fcssen, \u00bbbei aller Sympathie und politischem Eintreten f\u00fcr die Souver\u00e4nit\u00e4t des Staates Israel darf man zu Unrecht nicht schweigen. Vielleicht gerade nicht, wenn man sich mit Israel tief verbunden f\u00fchlt.\u00ab Und so bleibt der Sozialdemokrat denn dabei: \u00bbDas Besatzungsregime in Hebron schafft katastrophale menschliche Trag\u00f6dien f\u00fcr die Pal\u00e4stinenser\u00ab.<\/p>\n<p>M\u00f6glicherweise also bedauert Sigmar Gabriel seine Wortwahl, die er freilich noch im vergangenen Dezember als Kritik an \u00bbIsraels Regierungspolitik\u00ab legitimieren <a href=\"https:\/\/www.berliner-zeitung.de\/politik\/antisemitismus--sigmar-gabriel-debattiert-in-kreuzberg-mit-muslimischen-migranten--29296852\">wollte<\/a>, an seiner einseitigen Sicht auf den Konflikt zwischen \u00bbPal\u00e4stinensern\u00ab und Israel hat sich jedoch nichts ge\u00e4ndert. Israel schafft f\u00fcr den Politiker \u00bbkatastrophale menschliche Trag\u00f6dien\u00ab, w\u00e4hrend \u00bbPal\u00e4stinenser\u00ab blo\u00df Opfer sind.<\/p>\n<p>In dieser Logik hat, so wiederum Sigmar Gabriel, Israel \u00bbes verpasst, mit moderaten Pal\u00e4stinensern wie [Mahmoud] Abbas Frieden zu schlie\u00dfen\u00ab, was \u00bbzu einer Radikalisierung eines Teils der Pal\u00e4stinenser\u00ab, zum Erstarken der Hamas und zur Verstetigung des Konflikts gef\u00fchrt habe. Heute seien die Islamisten \u00bbein Faktor\u00ab, den man \u00bbnicht ignorieren\u00ab k\u00f6nne. \u00bbReden wird man mit ihnen m\u00fcssen.\u00ab<\/p>\n<p>Darf mit einiger Berechtigung daran gezweifelt werden, da\u00df Sigmar Gabriels \u00bbFreund\u00ab Abu Mazen der \u00bbmoderate Pal\u00e4stinenser\u00ab ist, als den ihn der ehemalige deutsche Minister feiert, ist der Rat, Gespr\u00e4che mit der Hamas zu f\u00fchren, schlicht b\u00f6swillig. Die Terrororganisation demonstriert mit dem von ihr inszenierten \u00bbMarsch der R\u00fcckkehr\u00ab doch gerade anschaulich, welches Ziel sie verfolgt.<\/p>\n<p>Wenn diese \u00bbKritik\u00ab an Jerusalem in Verbindung mit solchem Werben f\u00fcr die islamistischen Terroristen der Hamas tats\u00e4chlich einer angeblich besonders tiefen Verbundenheit mit Israel entspringt, kann man nur hoffen, da\u00df sich der j\u00fcdische Staat auch gegen solche \u00bbLiebe\u00ab zu verteidigen wei\u00df. Sigmar Gabriel hat einmal mehr gezeigt, da\u00df Mi\u00dftrauen gegen \u00bbFreunde\u00ab wie ihn notwendig ist.\t\t\t\t<\/p>\n","protected":false},"excerpt":{"rendered":"<p>Sigmar Gabriel, der als deutscher Au\u00dfenministerdarsteller nichts unversucht lie\u00df, die ohnehin schon ruinierten Beziehungen Berlins zum j\u00fcdischen Staat noch weiter zu belasten, hat gegen\u00fcber der Tageszeitung Die Welt erkl\u00e4rt, er w\u00fcrde seine 2012 ge\u00e4u\u00dferte Gleichsetzung Israels mit dem ehemaligen Apartheid-Regime in S\u00fcdafrika \u00bbnicht wiederholen\u00ab, da Israel \u00bbein demokratischer Staat\u00ab sei. Gleichwohl aber meint er betonen [&hellip;]<\/p>\n","protected":false},"author":1,"featured_media":0,"comment_status":"open","ping_status":"open","sticky":false,"template":"","format":"standard","meta":{"footnotes":""},"categories":[2],"tags":[11,38,42,102,148,157,194,357,361,374],"class_list":["post-2776","post","type-post","status-publish","format-standard","hentry","category-allgemein","tag-palaestina","tag-antisemitismus","tag-appeasement","tag-deutschland","tag-gaza","tag-hamas","tag-israel","tag-sigmar-gabriel","tag-spd","tag-terrorismus"],"_links":{"self":[{"href":"https:\/\/www.tw24.net\/index.php?rest_route=\/wp\/v2\/posts\/2776","targetHints":{"allow":["GET"]}}],"collection":[{"href":"https:\/\/www.tw24.net\/index.php?rest_route=\/wp\/v2\/posts"}],"about":[{"href":"https:\/\/www.tw24.net\/index.php?rest_route=\/wp\/v2\/types\/post"}],"author":[{"embeddable":true,"href":"https:\/\/www.tw24.net\/index.php?rest_route=\/wp\/v2\/users\/1"}],"replies":[{"embeddable":true,"href":"https:\/\/www.tw24.net\/index.php?rest_route=%2Fwp%2Fv2%2Fcomments&post=2776"}],"version-history":[{"count":0,"href":"https:\/\/www.tw24.net\/index.php?rest_route=\/wp\/v2\/posts\/2776\/revisions"}],"wp:attachment":[{"href":"https:\/\/www.tw24.net\/index.php?rest_route=%2Fwp%2Fv2%2Fmedia&parent=2776"}],"wp:term":[{"taxonomy":"category","embeddable":true,"href":"https:\/\/www.tw24.net\/index.php?rest_route=%2Fwp%2Fv2%2Fcategories&post=2776"},{"taxonomy":"post_tag","embeddable":true,"href":"https:\/\/www.tw24.net\/index.php?rest_route=%2Fwp%2Fv2%2Ftags&post=2776"}],"curies":[{"name":"wp","href":"https:\/\/api.w.org\/{rel}","templated":true}]}}