{"id":2823,"date":"2018-05-06T09:21:59","date_gmt":"2018-05-06T09:21:59","guid":{"rendered":"http:\/\/www.tw24.net\/?p=2823"},"modified":"2018-05-06T09:21:59","modified_gmt":"2018-05-06T09:21:59","slug":"blossgestellt","status":"publish","type":"post","link":"https:\/\/www.tw24.net\/?p=2823","title":{"rendered":"Blo\u00dfgestellt"},"content":{"rendered":"<p>\t\t\t\tEs kennzeichnet ein geschlossenes antisemtisches Weltbild, da\u00df Widerspruch den Antisemiten nicht zum Umdenken anzuregen vermag. Vielmehr f\u00fchlt der Antisemit sich durch Einspruch best\u00e4tigt und angespornt, weitere antisemitische Mythen zu spinnen. Nicht selten inszenieren sich T\u00e4ter, ist ihr Antisemitismus erst einmal aufgeflogen, dann als Opfer, als v\u00f6llig grundlos verfolgte Unschuld.<\/p>\n<p>Exemplarisch zu beobachten ist das derzeit bei der Clique um \u00bbPal\u00e4stinenserpr\u00e4sident\u00ab Abu Mazen, der sich am Montag mit einer antisemitischen Hetzrede erfolgreich um eine Best\u00e4tigung im Amt des Vorsitzenden des Exekutiv-Komitees seiner PLO beworben hatte. Seine Ausf\u00fchrungen trug er trotz gegenteiliger <a href=\"http:\/\/www.deutschlandfunk.de\/israel-und-palaestina-abbas-rede-war-unertraeglich.720.de.html?dram:article_id=417267\">Warnungen<\/a> enger Berater vor, was die folgende \u00bbEntschuldigung\u00ab vollends entwertet.<\/p>\n<p>Doch als reichte das nicht, meint nun auch noch Saeb Erekat dem international in der Kritik stehenden \u00bbPal\u00e4stinenserpr\u00e4sidenten\u00ab helfen zu m\u00fcssen: Wie die zum Regime von Ramallah geh\u00f6rende Agentur <i>Wafa<\/i> <a href=\"http:\/\/english.wafa.ps\/page.aspx?id=HNh9jLa97548971982aHNh9jL\">berichtet<\/a>, erkl\u00e4rte der \u00bbGeneralsekret\u00e4r\u00ab der PLO Abu Mazen zum Opfer einer \u00bbandauernden Kampagne Israels und der Vereinigten Staaten\u00ab mit dem Ziel, Abu Mazen zu diskreditieren.<\/p>\n<p>Aus dem antisemitischen Hetzer Abu Mazen wird damit das Opfer einer j\u00fcdisch-amerikanischen \u00bbKampagne\u00ab, deren Behauptung zugleich das klassische antisemitische Klischee einer j\u00fcdischen Weltherrschaft beschw\u00f6rt. Saeb Erekat leugnet den Antisemitismus Abu Mazens, indem er sich eines antisemitischen Ressentiments bedient \u2013 und stellt sich und seinen \u00bbPr\u00e4sidenten\u00ab erst recht blo\u00df.\t\t\t\t<\/p>\n","protected":false},"excerpt":{"rendered":"<p>Es kennzeichnet ein geschlossenes antisemtisches Weltbild, da\u00df Widerspruch den Antisemiten nicht zum Umdenken anzuregen vermag. Vielmehr f\u00fchlt der Antisemit sich durch Einspruch best\u00e4tigt und angespornt, weitere antisemitische Mythen zu spinnen. Nicht selten inszenieren sich T\u00e4ter, ist ihr Antisemitismus erst einmal aufgeflogen, dann als Opfer, als v\u00f6llig grundlos verfolgte Unschuld. Exemplarisch zu beobachten ist das derzeit [&hellip;]<\/p>\n","protected":false},"author":1,"featured_media":0,"comment_status":"open","ping_status":"open","sticky":false,"template":"","format":"standard","meta":{"footnotes":""},"categories":[2],"tags":[11,16,38,130,313,347],"class_list":["post-2823","post","type-post","status-publish","format-standard","hentry","category-allgemein","tag-palaestina","tag-abu-mazen","tag-antisemitismus","tag-fatah","tag-plo","tag-saeb-erekat"],"_links":{"self":[{"href":"https:\/\/www.tw24.net\/index.php?rest_route=\/wp\/v2\/posts\/2823","targetHints":{"allow":["GET"]}}],"collection":[{"href":"https:\/\/www.tw24.net\/index.php?rest_route=\/wp\/v2\/posts"}],"about":[{"href":"https:\/\/www.tw24.net\/index.php?rest_route=\/wp\/v2\/types\/post"}],"author":[{"embeddable":true,"href":"https:\/\/www.tw24.net\/index.php?rest_route=\/wp\/v2\/users\/1"}],"replies":[{"embeddable":true,"href":"https:\/\/www.tw24.net\/index.php?rest_route=%2Fwp%2Fv2%2Fcomments&post=2823"}],"version-history":[{"count":0,"href":"https:\/\/www.tw24.net\/index.php?rest_route=\/wp\/v2\/posts\/2823\/revisions"}],"wp:attachment":[{"href":"https:\/\/www.tw24.net\/index.php?rest_route=%2Fwp%2Fv2%2Fmedia&parent=2823"}],"wp:term":[{"taxonomy":"category","embeddable":true,"href":"https:\/\/www.tw24.net\/index.php?rest_route=%2Fwp%2Fv2%2Fcategories&post=2823"},{"taxonomy":"post_tag","embeddable":true,"href":"https:\/\/www.tw24.net\/index.php?rest_route=%2Fwp%2Fv2%2Ftags&post=2823"}],"curies":[{"name":"wp","href":"https:\/\/api.w.org\/{rel}","templated":true}]}}