{"id":2946,"date":"2018-06-15T11:23:20","date_gmt":"2018-06-15T09:23:20","guid":{"rendered":"http:\/\/www.tw24.net\/?p=2946"},"modified":"2018-06-15T11:23:20","modified_gmt":"2018-06-15T09:23:20","slug":"bekenntnis","status":"publish","type":"post","link":"https:\/\/www.tw24.net\/?p=2946","title":{"rendered":"Bekenntnis"},"content":{"rendered":"<p>\t\t\t\tDie \u00bbislamische Widerstandsbewegung\u00ab Hamas, die seit einem Putsch vor beinahe 11 Jahren Gaza beherrscht, gilt in zahlreichen Staaten als terroristische Organisation: in Israel, dessen Vernichtung die Hamas anstrebt und ohne R\u00fccksicht nicht zuletzt auf die \u00bbeigene\u00ab Bev\u00f6lkerung auch betreibt, in den USA, in Deutschland, Gro\u00dfbritannien, der Europ\u00e4ische Union, in Japan und sogar in \u00c4gypten.<\/p>\n<p>Nachdem nun am Mittwoch in der Vollversammlung der Vereinten Nationen eine Verurteilung der Hamas f\u00fcr ihre Rolle bei den Angriffen auf Israel in den letzten Tagen und Wochen scheiterte, kann sich der \u00bbpal\u00e4stinensische\u00ab Arm der Muslimbruderschaft berechtigt als Gewinner dieser Abstimmung sehen. Es \u00fcberrascht aber doch, wie das durch die PA vertretene \u00bbPal\u00e4stina\u00ab darauf reagiert.<\/p>\n<p>Nabil Abu Rudeineh, Sprecher des \u00bbPal\u00e4stinenserpr\u00e4sidenten\u00ab Abu Mazen, feierte das Votum der UN-Vollversammlung als gro\u00dfe Errungenschaft, die nur noch davon \u00fcbertroffen werde, da\u00df die Vereinten Nationen damit zugleich eine Klassifizierung der Hamas als Terrororganisation zur\u00fcckgewiesen h\u00e4tten. Das Scheitern des amerikanischen Resolutionsentwurfs sei eine \u00bbpolitische Lektion\u00ab.<\/p>\n<p>Ramallah bekennt sich damit zur Hamas, es gratuliert den Islamisten, mit denen es gleichwohl auch im Clinch liegt, geradezu zum Erfolg bei den Vereinten Nationen. Mit diesem Applaus verh\u00f6hnt das Regime um Abu Mazen einige seiner gro\u00dfz\u00fcgigsten Sponsoren vor allem in Europa, die es doch so gern als \u00bbgem\u00e4\u00dfigt\u00ab loben. Sp\u00e4testens nach diesem Bekenntnis wissen sie, wen sie unterst\u00fctzen.\t\t\t\t<\/p>\n","protected":false},"excerpt":{"rendered":"<p>Die \u00bbislamische Widerstandsbewegung\u00ab Hamas, die seit einem Putsch vor beinahe 11 Jahren Gaza beherrscht, gilt in zahlreichen Staaten als terroristische Organisation: in Israel, dessen Vernichtung die Hamas anstrebt und ohne R\u00fccksicht nicht zuletzt auf die \u00bbeigene\u00ab Bev\u00f6lkerung auch betreibt, in den USA, in Deutschland, Gro\u00dfbritannien, der Europ\u00e4ische Union, in Japan und sogar in \u00c4gypten. Nachdem [&hellip;]<\/p>\n","protected":false},"author":1,"featured_media":0,"comment_status":"open","ping_status":"open","sticky":false,"template":"","format":"standard","meta":{"footnotes":""},"categories":[2],"tags":[11,120,157,278,303,374,399],"class_list":["post-2946","post","type-post","status-publish","format-standard","hentry","category-allgemein","tag-palaestina","tag-eu","tag-hamas","tag-nabil-abu-rudeineh","tag-pa","tag-terrorismus","tag-vereinte-nationen"],"_links":{"self":[{"href":"https:\/\/www.tw24.net\/index.php?rest_route=\/wp\/v2\/posts\/2946","targetHints":{"allow":["GET"]}}],"collection":[{"href":"https:\/\/www.tw24.net\/index.php?rest_route=\/wp\/v2\/posts"}],"about":[{"href":"https:\/\/www.tw24.net\/index.php?rest_route=\/wp\/v2\/types\/post"}],"author":[{"embeddable":true,"href":"https:\/\/www.tw24.net\/index.php?rest_route=\/wp\/v2\/users\/1"}],"replies":[{"embeddable":true,"href":"https:\/\/www.tw24.net\/index.php?rest_route=%2Fwp%2Fv2%2Fcomments&post=2946"}],"version-history":[{"count":0,"href":"https:\/\/www.tw24.net\/index.php?rest_route=\/wp\/v2\/posts\/2946\/revisions"}],"wp:attachment":[{"href":"https:\/\/www.tw24.net\/index.php?rest_route=%2Fwp%2Fv2%2Fmedia&parent=2946"}],"wp:term":[{"taxonomy":"category","embeddable":true,"href":"https:\/\/www.tw24.net\/index.php?rest_route=%2Fwp%2Fv2%2Fcategories&post=2946"},{"taxonomy":"post_tag","embeddable":true,"href":"https:\/\/www.tw24.net\/index.php?rest_route=%2Fwp%2Fv2%2Ftags&post=2946"}],"curies":[{"name":"wp","href":"https:\/\/api.w.org\/{rel}","templated":true}]}}