{"id":3090,"date":"2018-08-11T11:44:19","date_gmt":"2018-08-11T09:44:19","guid":{"rendered":"http:\/\/www.tw24.net\/?p=3090"},"modified":"2018-08-11T11:44:19","modified_gmt":"2018-08-11T09:44:19","slug":"jeremy-corbyn-und-der-schwarze-september","status":"publish","type":"post","link":"https:\/\/www.tw24.net\/?p=3090","title":{"rendered":"Jeremy Corbyn und der \u00bbSchwarze September\u00ab"},"content":{"rendered":"<p>\t\t\t\tKaum hat Jeremy Corbyn, der F\u00fchrer der britischen Sozialdemokratie, einmal mehr erkl\u00e4rt, wie entschlossen er den Antisemitismus in seiner Partei bek\u00e4mpfe, holt den Oppositionspolitiker die eigene Vergangenheit ein und weckt oder best\u00e4tigt Zweifel an seiner Glaubw\u00fcrdigkeit: Am Sonnabend zeigt die <i>Daily Mail<\/i> den <i>Labour<\/i>-Chef mit einem Kranz am Grab \u00bbpal\u00e4stinensischer\u00ab Terroristen.<\/p>\n<p>Auf Aufnahmen, die das Krawallblatt aus London auch auf seiner Website <a href=\"http:\/\/www.dailymail.co.uk\/news\/article-6048807\/Photos-Labour-leader-Corbyn-tribute-event-Palestine-martyrs-linked-Munich-massacre.html\">ver\u00f6ffentlichte<\/a>, ist Jeremy Corbyn zu sehen, wie er mit einem Kranz in den H\u00e4nden 2014 in Tunis am Grab von Terroristen des zur PLO geh\u00f6renden <i>Schwarzen September<\/i> steht, einer Gruppierung, die f\u00fcr den blutigen Anschlag auf die israelische Olympiamannschaft 1972 in der bayerischen Hauptstadt M\u00fcnchen war.<\/p>\n<p>Hatte der Politiker behauptet, er habe vor vier Jahren \u00bbnur\u00ab an einer Gedenkfeier f\u00fcr die \u00bbOpfer\u00ab eines 1985 durchgef\u00fchrten israelischen Angriffs auf das damalige PLO-Hauptquartier in Tunis teilgenommen, berichtet die <i>Daily Mail<\/i>, das Denkmal f\u00fcr die dabei get\u00f6teten \u00bbpal\u00e4stinensischen\u00ab Terroristen befinde sich in einiger Entfernung von den Gr\u00e4bern, vor denen Jeremy Corbyn gezeigt wird.<\/p>\n<p>Tats\u00e4chlich legt der Politiker gemeinsam mit einer Delegations von Vertretern der PLO einen Kranz an einem Grabmal ab, das an Salah Khalaf erinnern soll, einen Gr\u00fcnder des <i>Schwarzen September<\/i>, an Fakhri al-Omari, dessen \u00bbrechte Hand\u00ab, und Hayel Abdel-Hamid. Die Fatah des \u00bbPal\u00e4stinenserpr\u00e4sidenten\u00ab Abu Mazen <a href=\"https:\/\/www.palwatch.org\/main.aspx?fi=549&amp;doc_id=19967\">feiert<\/a> Fakhri al-Omari f\u00fcr die Idee zum Massaker von M\u00fcnchen 1972.<\/p>\n<p>Salah Khalaf, Fakhri al-Omari und Hayel Abdel-Hamid wurden 1991 bei einem <a href=\"https:\/\/www.nytimes.com\/1991\/01\/16\/world\/confrontation-gulf-plo-suspicion-palestinian-slayings-now-focuses-abu-nidal.html\">Anschlag<\/a> in Tunis <a href=\"https:\/\/www.nytimes.com\/1991\/01\/15\/world\/confrontation-gulf-plo-two-ranking-aides-arafat-are-slain-gunman-tunis.html\">get\u00f6tet<\/a>, f\u00fcr den die PLO einen abtr\u00fcnnigen Leibw\u00e4chter verantwortlich machte. Jeremy Corbyns Behauptung, sein Gedenken, h\u00e4tte \u2013 was gleichwohl kaum weniger schlimm w\u00e4re \u2013 anderen Angeh\u00f6rigen der PLO gegolten, ist widerlegt. Er ehrte Verantwortliche f\u00fcr das Blutbad von M\u00fcnchen.<\/p>\n<p>Wie aber ausgerechnet ein Parteif\u00fchrer, der mit einem Kranz der M\u00f6rder von elf israelischen Sportlern gedenkt, den Antisemitismus, den er in seiner Partei hat um sich greifen lassen, \u00fcberzeugend bek\u00e4mpfen will, das ist ein R\u00e4tsel. Jeremy Corbyn, der auf die j\u00fcngsten Enth\u00fcllungen noch nicht reagiert hat, ist nicht die L\u00f6sung. Er ist Teil des Problems, f\u00fcr das es mit ihm keine L\u00f6sung gibt.\t\t\t\t<\/p>\n","protected":false},"excerpt":{"rendered":"<p>Kaum hat Jeremy Corbyn, der F\u00fchrer der britischen Sozialdemokratie, einmal mehr erkl\u00e4rt, wie entschlossen er den Antisemitismus in seiner Partei bek\u00e4mpfe, holt den Oppositionspolitiker die eigene Vergangenheit ein und weckt oder best\u00e4tigt Zweifel an seiner Glaubw\u00fcrdigkeit: Am Sonnabend zeigt die Daily Mail den Labour-Chef mit einem Kranz am Grab \u00bbpal\u00e4stinensischer\u00ab Terroristen. Auf Aufnahmen, die das [&hellip;]<\/p>\n","protected":false},"author":1,"featured_media":0,"comment_status":"open","ping_status":"open","sticky":false,"template":"","format":"standard","meta":{"footnotes":""},"categories":[2],"tags":[38,130,154,209,244,313,351,374,377],"class_list":["post-3090","post","type-post","status-publish","format-standard","hentry","category-allgemein","tag-antisemitismus","tag-fatah","tag-grossbritannien","tag-jeremy-corbyn","tag-labour-party","tag-plo","tag-schwarzer-september","tag-terrorismus","tag-tunis"],"_links":{"self":[{"href":"https:\/\/www.tw24.net\/index.php?rest_route=\/wp\/v2\/posts\/3090","targetHints":{"allow":["GET"]}}],"collection":[{"href":"https:\/\/www.tw24.net\/index.php?rest_route=\/wp\/v2\/posts"}],"about":[{"href":"https:\/\/www.tw24.net\/index.php?rest_route=\/wp\/v2\/types\/post"}],"author":[{"embeddable":true,"href":"https:\/\/www.tw24.net\/index.php?rest_route=\/wp\/v2\/users\/1"}],"replies":[{"embeddable":true,"href":"https:\/\/www.tw24.net\/index.php?rest_route=%2Fwp%2Fv2%2Fcomments&post=3090"}],"version-history":[{"count":0,"href":"https:\/\/www.tw24.net\/index.php?rest_route=\/wp\/v2\/posts\/3090\/revisions"}],"wp:attachment":[{"href":"https:\/\/www.tw24.net\/index.php?rest_route=%2Fwp%2Fv2%2Fmedia&parent=3090"}],"wp:term":[{"taxonomy":"category","embeddable":true,"href":"https:\/\/www.tw24.net\/index.php?rest_route=%2Fwp%2Fv2%2Fcategories&post=3090"},{"taxonomy":"post_tag","embeddable":true,"href":"https:\/\/www.tw24.net\/index.php?rest_route=%2Fwp%2Fv2%2Ftags&post=3090"}],"curies":[{"name":"wp","href":"https:\/\/api.w.org\/{rel}","templated":true}]}}