{"id":3129,"date":"2018-08-27T13:46:12","date_gmt":"2018-08-27T11:46:12","guid":{"rendered":"http:\/\/www.tw24.net\/?p=3129"},"modified":"2018-08-27T13:46:12","modified_gmt":"2018-08-27T11:46:12","slug":"fanatismus-3","status":"publish","type":"post","link":"https:\/\/www.tw24.net\/?p=3129","title":{"rendered":"Fanatismus"},"content":{"rendered":"<p>\t\t\t\tDie vor kurzem vorzeitig aus israelischer Haft entlassene Ahed Tamimi hat sich gegen\u00fcber einem libanesischen Fernsehsender lobend \u00fcber Hassan Nasrallah ge\u00e4u\u00dfert, den Anf\u00fchrer der islamistischen Hisbollah. Mit ihrer Sympathiebekundung f\u00fcr die \u00bbPartei Gottes\u00ab, die in zivilisierteren Staaten als terroristische Organisation verfolgt wird, l\u00f6ste die Straft\u00e4terin Proteste unter ihren Anh\u00e4ngern aus.<\/p>\n<p>Denn offenbar hatte Ahed Tamimi vergessen, an wessen Seite Hassan Nasrallahs Hisbollah in Syrien k\u00e4mpft. Bashar al-Assad, der Bluts\u00e4ufer von Damaskus, hat in seinem Krieg gegen die \u00bbeigene\u00ab Bev\u00f6lkerung auch Verbrechen gegen \u00bbPal\u00e4stinenser\u00ab begangen. Yarmouk etwa, ein von \u00bbPal\u00e4stinensern\u00ab bewohntes Viertel von Damaskus, bezeichneten selbst die Vereinten Nationen als \u00bbTodeszone\u00ab.<\/p>\n<p>Ahed Tamimi pries Hassan Nasrallah dennoch, dessen Hisbollah einen nicht geringen Anteil daran hat, da\u00df Bashar al-Assad wohl auch weiterhin \u00fcber Syrien herrschen kann, als einen F\u00fchrer, der \u00bbunsere Moral gest\u00e4rkt hat, nicht nur meine Moral, sondern die vieler Menschen, denn ich repr\u00e4sentiere das Volk\u00ab. Auch dieser selbstherrliche Tonfall mi\u00dffiel offenbar nicht wenigen \u00bbPal\u00e4stinensern\u00ab.<\/p>\n<p>Mit ihrem Kompliment f\u00fcr Hassan Nasrallah hat sich die leider auch in westlichen Medien oft \u00bbIkone des friedlichen [sic!] Widerstands\u00ab Gefeierte nicht nur einmal mehr als Anh\u00e4ngerin gar nicht so friedlichen Methoden entlarvt. Indem sie sich damit aber auch noch zu einer Vertreterin der \u00bbPal\u00e4stinenser\u00ab hochstapelte, verriet sie eine Hybris, die selbst auf einige ihrer Anh\u00e4nger absto\u00dfend wirkt.\t\t\t\t<\/p>\n","protected":false},"excerpt":{"rendered":"<p>Die vor kurzem vorzeitig aus israelischer Haft entlassene Ahed Tamimi hat sich gegen\u00fcber einem libanesischen Fernsehsender lobend \u00fcber Hassan Nasrallah ge\u00e4u\u00dfert, den Anf\u00fchrer der islamistischen Hisbollah. Mit ihrer Sympathiebekundung f\u00fcr die \u00bbPartei Gottes\u00ab, die in zivilisierteren Staaten als terroristische Organisation verfolgt wird, l\u00f6ste die Straft\u00e4terin Proteste unter ihren Anh\u00e4ngern aus. Denn offenbar hatte Ahed Tamimi [&hellip;]<\/p>\n","protected":false},"author":1,"featured_media":0,"comment_status":"open","ping_status":"open","sticky":false,"template":"","format":"standard","meta":{"footnotes":""},"categories":[2],"tags":[11,19,162,167,169,192,374],"class_list":["post-3129","post","type-post","status-publish","format-standard","hentry","category-allgemein","tag-palaestina","tag-ahed-tamimi","tag-hassan-nasrallah","tag-hetze","tag-hisbollah","tag-islamismus","tag-terrorismus"],"_links":{"self":[{"href":"https:\/\/www.tw24.net\/index.php?rest_route=\/wp\/v2\/posts\/3129","targetHints":{"allow":["GET"]}}],"collection":[{"href":"https:\/\/www.tw24.net\/index.php?rest_route=\/wp\/v2\/posts"}],"about":[{"href":"https:\/\/www.tw24.net\/index.php?rest_route=\/wp\/v2\/types\/post"}],"author":[{"embeddable":true,"href":"https:\/\/www.tw24.net\/index.php?rest_route=\/wp\/v2\/users\/1"}],"replies":[{"embeddable":true,"href":"https:\/\/www.tw24.net\/index.php?rest_route=%2Fwp%2Fv2%2Fcomments&post=3129"}],"version-history":[{"count":0,"href":"https:\/\/www.tw24.net\/index.php?rest_route=\/wp\/v2\/posts\/3129\/revisions"}],"wp:attachment":[{"href":"https:\/\/www.tw24.net\/index.php?rest_route=%2Fwp%2Fv2%2Fmedia&parent=3129"}],"wp:term":[{"taxonomy":"category","embeddable":true,"href":"https:\/\/www.tw24.net\/index.php?rest_route=%2Fwp%2Fv2%2Fcategories&post=3129"},{"taxonomy":"post_tag","embeddable":true,"href":"https:\/\/www.tw24.net\/index.php?rest_route=%2Fwp%2Fv2%2Ftags&post=3129"}],"curies":[{"name":"wp","href":"https:\/\/api.w.org\/{rel}","templated":true}]}}