{"id":3245,"date":"2018-10-11T14:08:36","date_gmt":"2018-10-11T12:08:36","guid":{"rendered":"http:\/\/www.tw24.net\/?p=3245"},"modified":"2018-10-11T14:08:36","modified_gmt":"2018-10-11T12:08:36","slug":"antisemitischer-konsens-2","status":"publish","type":"post","link":"https:\/\/www.tw24.net\/?p=3245","title":{"rendered":"Antisemitischer Konsens"},"content":{"rendered":"<p>\t\t\t\tIsrael wird zum Jahresende seine Mitgliedschaft in der UNESCO beenden, der in der franz\u00f6sischen Hauptstadt Paris residierenden Organisation der Vereinten Nationen f\u00fcr Bildung, Wissenschaft und Kultur. Die Regierung in Jerusalem wirft der UN-Organisation Voreingenommenheit gegen\u00fcber dem j\u00fcdischen Staat vor, die an zahlreichen gegen Israel gerichteten Entscheidungen ablesbar sei.<\/p>\n<p>Nun hat die UNESCO erneut best\u00e4tigt, da\u00df diese Einsch\u00e4tzung berechtigt ist. So verurteilt sie in einer Entscheidung \u00bbdie fortdauernden milit\u00e4rische Entwicklungen\u00ab um Gaza und die angeblich hohen zivilen Opferzahlen, die sie verursachten. Im Zusammenhang damit erkl\u00e4rt die UNESCO das Patriarchengrab in Hebron und das Rachelsgrab in Bethlehem zu \u00bbpal\u00e4stinensischem Kulturerbe\u00ab.<\/p>\n<p>In einem zweiten Beschlu\u00df, in dem die Golan-H\u00f6hen als \u00bbbesetztes syrisches Territorium\u00ab bezeichnet werden, beklagt die Organisation angeblich \u00bbgegen pal\u00e4stinensische Universit\u00e4ten und Schulen\u00ab gerichtete Eins\u00e4tze der israelischen Streitkr\u00e4fte. Zudem wird einmal mehr die Errichtung eines Sperrzauns zwischen Israel und den umstrittenen Gebieten verurteilt, der sich gegen Terror richtet.<\/p>\n<p>Wie so oft wird Israel unter Leugnung von Tatsachen an den Pranger gestellt, werden Ursache und Wirkung verdreht. Die UNESCO l\u00e4\u00dft sich damit von den \u00bbPal\u00e4stinensern\u00ab und mit ihnen sympathisierenden Regimes zum Schauplatz ihres \u00bbdiplomatischen Krieges\u00ab gegen Israel machen und stellt sich an deren Seite. Jerusalem hat allen Grund, seine Entscheidung zum Austritt nicht zu revidieren.\t\t\t\t<\/p>\n","protected":false},"excerpt":{"rendered":"<p>Israel wird zum Jahresende seine Mitgliedschaft in der UNESCO beenden, der in der franz\u00f6sischen Hauptstadt Paris residierenden Organisation der Vereinten Nationen f\u00fcr Bildung, Wissenschaft und Kultur. Die Regierung in Jerusalem wirft der UN-Organisation Voreingenommenheit gegen\u00fcber dem j\u00fcdischen Staat vor, die an zahlreichen gegen Israel gerichteten Entscheidungen ablesbar sei. Nun hat die UNESCO erneut best\u00e4tigt, da\u00df [&hellip;]<\/p>\n","protected":false},"author":1,"featured_media":0,"comment_status":"open","ping_status":"open","sticky":false,"template":"","format":"standard","meta":{"footnotes":""},"categories":[2],"tags":[38,67,383,399],"class_list":["post-3245","post","type-post","status-publish","format-standard","hentry","category-allgemein","tag-antisemitismus","tag-bias","tag-unesco","tag-vereinte-nationen"],"_links":{"self":[{"href":"https:\/\/www.tw24.net\/index.php?rest_route=\/wp\/v2\/posts\/3245","targetHints":{"allow":["GET"]}}],"collection":[{"href":"https:\/\/www.tw24.net\/index.php?rest_route=\/wp\/v2\/posts"}],"about":[{"href":"https:\/\/www.tw24.net\/index.php?rest_route=\/wp\/v2\/types\/post"}],"author":[{"embeddable":true,"href":"https:\/\/www.tw24.net\/index.php?rest_route=\/wp\/v2\/users\/1"}],"replies":[{"embeddable":true,"href":"https:\/\/www.tw24.net\/index.php?rest_route=%2Fwp%2Fv2%2Fcomments&post=3245"}],"version-history":[{"count":0,"href":"https:\/\/www.tw24.net\/index.php?rest_route=\/wp\/v2\/posts\/3245\/revisions"}],"wp:attachment":[{"href":"https:\/\/www.tw24.net\/index.php?rest_route=%2Fwp%2Fv2%2Fmedia&parent=3245"}],"wp:term":[{"taxonomy":"category","embeddable":true,"href":"https:\/\/www.tw24.net\/index.php?rest_route=%2Fwp%2Fv2%2Fcategories&post=3245"},{"taxonomy":"post_tag","embeddable":true,"href":"https:\/\/www.tw24.net\/index.php?rest_route=%2Fwp%2Fv2%2Ftags&post=3245"}],"curies":[{"name":"wp","href":"https:\/\/api.w.org\/{rel}","templated":true}]}}