{"id":3252,"date":"2018-10-14T12:36:19","date_gmt":"2018-10-14T10:36:19","guid":{"rendered":"http:\/\/www.tw24.net\/?p=3252"},"modified":"2018-10-14T12:36:19","modified_gmt":"2018-10-14T10:36:19","slug":"rueckwaerts","status":"publish","type":"post","link":"https:\/\/www.tw24.net\/?p=3252","title":{"rendered":"#r\u00fcckw\u00e4rts"},"content":{"rendered":"<p>\t\t\t\tIn der deutschen Hauptstadt Berlin haben am Sonnabend zahlreiche Menschen an einer Demonstration teilgenommen, deren Organisatoren vorgaben, \u00bbf\u00fcr eine offene und freie Gesellschaft\u00ab einzutreten. Tats\u00e4chlich waren sie so frei, Kritik zu ignorieren oder zu diffamieren, und offen f\u00fcr Organisationen, die kaum f\u00fcr unteilbare Menschenrechte und selbstbestimmte Lebensentw\u00fcrfe stehen.<\/p>\n<p>Wo sie \u00bbeine dramatische politische Verschiebung\u00ab diagnostizieren, die \u00bbRassismus und Menschenverachtung [..] gesellschaftsf\u00e4hig\u00ab machten, \u00f6ffneten Organisatoren und Teilnehmer des <i>#unteilbar<\/i>-Aufmarschs ihre toleranten Herzen beispielsweise f\u00fcr den Zentralrat der Muslime in Deutschland, dessen Versitzender Aiman Mazyek einer der Hauptredner der Kundgebung zur Demonstration war.<\/p>\n<p>Mitgliedsorganisationen des ZMD werden von deutschen Verfassungssch\u00fctzern islamistische Bestrebungen bescheinigt und Verbindungen zur ber\u00fcchtigten Muslimbruderschaft nachgesagt, eine andere soll in Deutschland die t\u00fcrkisch-nationalistischen Vorstellungen der rechtsextremen Grauen W\u00f6lfe vertreten. Doch auch der ZMD selbst kann kaum f\u00fcr Freiheit und Menschenw\u00fcrde stehen.<\/p>\n<p>F\u00fcr ihn n\u00e4mlich <a href=\"http:\/\/www.zentralrat.de\/29724.php\">ist<\/a> das islamische Kopftuch \u00bbein normales Glaubensmerkmal\u00ab. Musliminnen kann es danach nur mit Kopftuch geben. Gl\u00e4ubige, die sich gegen das Tragen des Kopftuchs entscheiden, werden so unter Druck gesetzt, stigmatisiert und ausgegrenzt. Zugleich ist das islamische Kopftuch aber auch in der Gesamtgesellschaft ein un\u00fcbersehbares Symbol f\u00fcr Ausgrenzung und Entrechtung.<\/p>\n<p>In jedem Fall beraubt es seine Tr\u00e4gerinnen nach au\u00dfen ihrer Individualit\u00e4t, ihrer Pers\u00f6nlichkeit und vermittelt so ein Frauenbild, das kaum mit den Vorstellungen des Grundgesetzes von Menschenw\u00fcrde und der Gleichwertigkeit der Geschlechter vereinbar scheint. Auf dem <i>#unteilbar<\/i>-Aufmarsch wurden verh\u00fcllte M\u00e4dchen geduldet, die sich kaum aus freien St\u00fccken daf\u00fcr entschieden haben.<\/p>\n<p>Organisatoren und Teilnehmer demonstrierten so ein ausgesprochen seltsames Verst\u00e4ndnis von einer \u00bboffenen und freien Gesellschaft\u00ab. Viele m\u00f6gen es gut gemeint haben, doch sie haben sich <i>de facto<\/i> als n\u00fctzliche Idioten von Umschwungsbestrebungen ebenso ge- wie mi\u00dfbrauchen lassen, die kaum in ihrem Sinn sein d\u00fcrften. <i>#unteilbar<\/i> steht f\u00fcr gesellschaftlichen R\u00fcck-, nicht f\u00fcr Fortschritt.\t\t\t\t<\/p>\n","protected":false},"excerpt":{"rendered":"<p>In der deutschen Hauptstadt Berlin haben am Sonnabend zahlreiche Menschen an einer Demonstration teilgenommen, deren Organisatoren vorgaben, \u00bbf\u00fcr eine offene und freie Gesellschaft\u00ab einzutreten. Tats\u00e4chlich waren sie so frei, Kritik zu ignorieren oder zu diffamieren, und offen f\u00fcr Organisationen, die kaum f\u00fcr unteilbare Menschenrechte und selbstbestimmte Lebensentw\u00fcrfe stehen. Wo sie \u00bbeine dramatische politische Verschiebung\u00ab diagnostizieren, [&hellip;]<\/p>\n","protected":false},"author":1,"featured_media":0,"comment_status":"open","ping_status":"open","sticky":false,"template":"","format":"standard","meta":{"footnotes":""},"categories":[2],"tags":[14,64,102,187,192],"class_list":["post-3252","post","type-post","status-publish","format-standard","hentry","category-allgemein","tag-unteilbar","tag-berlin","tag-deutschland","tag-islam","tag-islamismus"],"_links":{"self":[{"href":"https:\/\/www.tw24.net\/index.php?rest_route=\/wp\/v2\/posts\/3252","targetHints":{"allow":["GET"]}}],"collection":[{"href":"https:\/\/www.tw24.net\/index.php?rest_route=\/wp\/v2\/posts"}],"about":[{"href":"https:\/\/www.tw24.net\/index.php?rest_route=\/wp\/v2\/types\/post"}],"author":[{"embeddable":true,"href":"https:\/\/www.tw24.net\/index.php?rest_route=\/wp\/v2\/users\/1"}],"replies":[{"embeddable":true,"href":"https:\/\/www.tw24.net\/index.php?rest_route=%2Fwp%2Fv2%2Fcomments&post=3252"}],"version-history":[{"count":0,"href":"https:\/\/www.tw24.net\/index.php?rest_route=\/wp\/v2\/posts\/3252\/revisions"}],"wp:attachment":[{"href":"https:\/\/www.tw24.net\/index.php?rest_route=%2Fwp%2Fv2%2Fmedia&parent=3252"}],"wp:term":[{"taxonomy":"category","embeddable":true,"href":"https:\/\/www.tw24.net\/index.php?rest_route=%2Fwp%2Fv2%2Fcategories&post=3252"},{"taxonomy":"post_tag","embeddable":true,"href":"https:\/\/www.tw24.net\/index.php?rest_route=%2Fwp%2Fv2%2Ftags&post=3252"}],"curies":[{"name":"wp","href":"https:\/\/api.w.org\/{rel}","templated":true}]}}