{"id":3277,"date":"2018-10-25T13:42:16","date_gmt":"2018-10-25T11:42:16","guid":{"rendered":"http:\/\/www.tw24.net\/?p=3277"},"modified":"2018-10-25T13:42:16","modified_gmt":"2018-10-25T11:42:16","slug":"antisemitischer-konsens-3","status":"publish","type":"post","link":"https:\/\/www.tw24.net\/?p=3277","title":{"rendered":"Antisemitischer Konsens"},"content":{"rendered":"<p>\t\t\t\tDas Europ\u00e4ische Parlament hat in seiner Sitzung am Mittwoch einen Antrag abgelehnt, der eine Untersuchung \u00bbpal\u00e4stinensischer\u00ab Schulb\u00fccher auf Hetze gegen Juden und Israel gefordert hatte. Die Europ\u00e4ische Union unterst\u00fctzt das \u00bbpal\u00e4stinensische\u00ab Bildungssystem j\u00e4hrlich mit zweistelligen Millionenbetr\u00e4gen, darunter auch die Herstellung von Unterrichtsmaterialien zweifelhaften Inhalts.<\/p>\n<p>Erst j\u00fcngst hatte der Haushaltsausschu\u00df der Volksvertretung <a href=\"https:\/\/www.i24news.tv\/en\/news\/international\/middle-east\/185076-180927-eu-committee-votes-to-freeze-15m-in-palestinian-aid-over-textbook-incitement\">festgestellt<\/a>, da\u00df in zahlreichen Lehrb\u00fcchern, die an von der PA in Ramallah betriebenen Schulen verwendet werden, aber auch an von der Hamas oder der UNRWA in Gaza betreuten Bildungsst\u00e4tten zum Einsatz kommen, antisemitische Vorurteile verbreitet werden, Gewalt gegen Juden glorifiziert und Israels Existenz negiert wird.<\/p>\n<p>Der Haushaltsausschu\u00df hatte, da solche Inhalte nicht mit europ\u00e4ischen Werten vereinbar seien, empfohlen, die im Budget f\u00fcr das Jahr 2019 f\u00fcr das \u00bbpal\u00e4stinensische\u00ab Bildungswesen bestimmten Gelder einzufrieren. Die Empfehlung stand offenbar Pate f\u00fcr einen Antrag von Abgeordneten der konservativen Parteien im EP, systematisch zu pr\u00fcfen, wof\u00fcr genau europ\u00e4ische Hilfe verwendet wird.<\/p>\n<p>Mit 300 Gegenstimmen wurde der Antrag bei 159 Zustimmungen nun abgelehnt. Sollten die Vertreter von 500 Millionen europ\u00e4ischen B\u00fcrgern alarmiert sein von Berichten \u00fcber antisemitische Hetze in von ihrer EU finanzierten \u00bbpal\u00e4stinensischen\u00ab Lehrb\u00fcchern und Aufkl\u00e4rung fordern, entschieden sie sich, es so genau nicht wissen zu wollen. Sie sind damit mitverantwortlich f\u00fcr Gewalt gegen Juden.\t\t\t\t<\/p>\n","protected":false},"excerpt":{"rendered":"<p>Das Europ\u00e4ische Parlament hat in seiner Sitzung am Mittwoch einen Antrag abgelehnt, der eine Untersuchung \u00bbpal\u00e4stinensischer\u00ab Schulb\u00fccher auf Hetze gegen Juden und Israel gefordert hatte. Die Europ\u00e4ische Union unterst\u00fctzt das \u00bbpal\u00e4stinensische\u00ab Bildungssystem j\u00e4hrlich mit zweistelligen Millionenbetr\u00e4gen, darunter auch die Herstellung von Unterrichtsmaterialien zweifelhaften Inhalts. Erst j\u00fcngst hatte der Haushaltsausschu\u00df der Volksvertretung festgestellt, da\u00df in zahlreichen [&hellip;]<\/p>\n","protected":false},"author":1,"featured_media":0,"comment_status":"open","ping_status":"open","sticky":false,"template":"","format":"standard","meta":{"footnotes":""},"categories":[2],"tags":[38,118,121,125,180,374],"class_list":["post-3277","post","type-post","status-publish","format-standard","hentry","category-allgemein","tag-antisemitismus","tag-ep","tag-europa","tag-europaeisches-parlament","tag-indoktrination","tag-terrorismus"],"_links":{"self":[{"href":"https:\/\/www.tw24.net\/index.php?rest_route=\/wp\/v2\/posts\/3277","targetHints":{"allow":["GET"]}}],"collection":[{"href":"https:\/\/www.tw24.net\/index.php?rest_route=\/wp\/v2\/posts"}],"about":[{"href":"https:\/\/www.tw24.net\/index.php?rest_route=\/wp\/v2\/types\/post"}],"author":[{"embeddable":true,"href":"https:\/\/www.tw24.net\/index.php?rest_route=\/wp\/v2\/users\/1"}],"replies":[{"embeddable":true,"href":"https:\/\/www.tw24.net\/index.php?rest_route=%2Fwp%2Fv2%2Fcomments&post=3277"}],"version-history":[{"count":0,"href":"https:\/\/www.tw24.net\/index.php?rest_route=\/wp\/v2\/posts\/3277\/revisions"}],"wp:attachment":[{"href":"https:\/\/www.tw24.net\/index.php?rest_route=%2Fwp%2Fv2%2Fmedia&parent=3277"}],"wp:term":[{"taxonomy":"category","embeddable":true,"href":"https:\/\/www.tw24.net\/index.php?rest_route=%2Fwp%2Fv2%2Fcategories&post=3277"},{"taxonomy":"post_tag","embeddable":true,"href":"https:\/\/www.tw24.net\/index.php?rest_route=%2Fwp%2Fv2%2Ftags&post=3277"}],"curies":[{"name":"wp","href":"https:\/\/api.w.org\/{rel}","templated":true}]}}