{"id":3287,"date":"2018-10-28T12:25:47","date_gmt":"2018-10-28T10:25:47","guid":{"rendered":"http:\/\/www.tw24.net\/?p=3287"},"modified":"2018-10-28T12:25:47","modified_gmt":"2018-10-28T10:25:47","slug":"gewoehnlicher-antisemitismus","status":"publish","type":"post","link":"https:\/\/www.tw24.net\/?p=3287","title":{"rendered":"Gew\u00f6hnlicher Antisemitismus"},"content":{"rendered":"<p>\t\t\t\tIn der Nacht zum Sonnabend, der <i>S\u00fcddeutsche Beobachter<\/i> hatte seiner Zielgruppe gerade <a href=\"https:\/\/twitter.com\/SZ\/status\/1056089870261731328\">angek\u00fcndigt<\/a>, die israelischen Streitkr\u00e4fte wollten \u00bbden Gazastreifen nun gro\u00dffl\u00e4chig bombardieren\u00ab, <a href=\"https:\/\/twitter.com\/SawsanChebli\/status\/1056102513848602624\">stellte<\/a> Sawsan Chebli, im Land Berlin Staatssekret\u00e4rin f\u00fcr B\u00fcrgerschaftliches Engagement und Internationales, sich so prompt wie \u00f6ffentlich via <i>Twitter<\/i> die bange Frage: \u00bbWann h\u00f6rt dieser Wahnsinn auf?\u00ab <\/p>\n<p>Die \u00bbPal\u00e4stinenserin\u00ab mit SPD-Parteibuch mu\u00dfte nicht lange auf eine Antwort warten. \u00bbDer Wahnsinn endet mit Ende der israelischen Besatzung und illegaler Besiedlung Pal\u00e4stinas\u00ab, <a href=\"https:\/\/twitter.com\/SalahAbdelShafi\/status\/1056188763267891201\">zwitscherte<\/a> mit Salah Abdel Shafi der in Wien residierende \u00bbBotschafter\u00ab des \u00bbStaates Pal\u00e4stina\u00ab zur\u00fcck. Darauf Sawsan Chebli: \u00bbDich gibts auch noch [sic!]\u00ab. Und: \u00bbMelde Dich, wenn Du mal in Berlin bist [sic!]\u00ab.<\/p>\n<p>Was mag Salah Abdel Shafi, offenbar ein recht enger Bekannter Sawsan Cheblis, meinen, wenn er von einem \u00bbEnde der israelischen Besatzung\u00ab und \u00bbillegaler Besiedlung Pal\u00e4stinas\u00ab spricht? Ein Anh\u00e4nger einer Zwei-Staaten-L\u00f6sung jedenfalls ist der \u00bbBotschafter\u00ab Abu Mazens in \u00d6sterreich nicht: Schon 2013 sah man ihn auf dem <a href=\"http:\/\/bds-kampagne.de\/2013\/05\/12\/2-palaestina-solidaritaetskonferenz-in-stuttgart\/\">Podium<\/a> einer Konferenz, die ein Ende Israels herbeisehnte.<\/p>\n<p>Denn, wie er 2017, vier Jahre sp\u00e4ter, <a href=\"https:\/\/twitter.com\/SalahAbdelShafi\/status\/995975412143575040\">bekr\u00e4ftigte<\/a>, \u00bb70 Jahre Israel sind 70 Jahre von Israel begangene Massaker, ethnische S\u00e4uberung, Verst\u00f6\u00dfe gegen Menschenrechte und Besatzung\u00ab. Es verwundert daher auch nicht, wenn Salah Abdel Shafi eine gewisse N\u00e4he zur BDS-Bewegung erkennen <a href=\"https:\/\/twitter.com\/SalahAbdelShafi\/status\/707540865464606720\">l\u00e4\u00dft<\/a>. \u00bbGute Neuigkeiten\u00ab, <a href=\"https:\/\/twitter.com\/SalahAbdelShafi\/status\/1004240814355173381\">freute<\/a> er sich im Juni, \u00bbFu\u00dfballspiel zwischen Israel und Argentinien abgesagt\u00ab.<\/p>\n<p>F\u00fcr die Absage des Freundschaftsspiels hatte zuvor Jibril Rajoub gesorgt, \u00bbSportminister\u00ab des Regimes, das auch Salah Abdel Shafi vertritt. F\u00fcr seine unsportliche Hetze gegen das Spiel wurde Jibril Rajoub von der FIFA sp\u00e4ter mit einem einj\u00e4hrigen Stadionverbot belegt. F\u00fcr den \u00bbBotschafter\u00ab war diese Strafe ganz offenkundig kein Anla\u00df, seine Haltung wenigstens nachtr\u00e4glich zu \u00fcberdenken.<\/p>\n<p>Sonst h\u00e4tte Salah Abdel Shafi seinen Posten ja auch vermutlich l\u00e4ngst schon verloren. Er ist durch und durch ein Repr\u00e4sentant \u00bbPal\u00e4stinas\u00ab, und so war es ihm Ende 2017 eine Selbstverst\u00e4ndlichkeit, wiederum \u00fcber <i>Twitter<\/i> <a href=\"https:\/\/twitter.com\/SalahAbdelShafi\/status\/947009864303284226\">Neujahrsgr\u00fc\u00dfe<\/a> an das \u00bbheldenhafte Volk Pal\u00e4stinas\u00ab zu schicken, an die \u00bbFamilien der M\u00e4rtyrer und die Gefangenen\u00ab, \u00bbpal\u00e4stinensische\u00ab Terroristen in israelischer Haft.<\/p>\n<p>Und nat\u00fcrlich ist f\u00fcr Salah Abdel Shafi Ahed Tamimi \u00bbein Symbol der W\u00fcrde und des Widerstands und der Freiheit\u00ab. Die junge \u00bbPal\u00e4stinenserin\u00ab, die die erste Jahresh\u00e4lfte in israelischer Haft verbrachte, <a href=\"https:\/\/www.youtube.com\/watch?v=TjMii7H22Fk\">wirbt<\/a> gerade wieder f\u00fcr den Tod als \u00bbM\u00e4rtyrer\u00ab und fordert eine baldm\u00f6gliche Zerst\u00f6rung Israels. \u00bbDer Kampf geht weiter\u00ab, rief ihr aufmunternd ihr Freund Salah Abdel Shafi im August zu.<\/p>\n<p>Bundestagspr\u00e4sident Wolfgang Sch\u00e4uble warb in dieser Woche in Jerusalem f\u00fcr eine \u00bbpolitische\u00ab Auseinandersetzung mit der BDS-Bewegung und Antisemitismus, statt mit Gesetzen gegen sie vorzugehen. Sawsan Cheblis kritiklose Erwiderung auf \u00bbBotschafter\u00ab Salah Abdel Shafi <a href=\"https:\/\/twitter.com\/SawsanChebli\/status\/1055427493086277632\">demonstriert<\/a> anschaulich, was man sich unter dieser \u00bbpolitischen\u00ab Auseinandersetzung vorzustellen hat.\t\t\t\t<\/p>\n","protected":false},"excerpt":{"rendered":"<p>In der Nacht zum Sonnabend, der S\u00fcddeutsche Beobachter hatte seiner Zielgruppe gerade angek\u00fcndigt, die israelischen Streitkr\u00e4fte wollten \u00bbden Gazastreifen nun gro\u00dffl\u00e4chig bombardieren\u00ab, stellte Sawsan Chebli, im Land Berlin Staatssekret\u00e4rin f\u00fcr B\u00fcrgerschaftliches Engagement und Internationales, sich so prompt wie \u00f6ffentlich via Twitter die bange Frage: \u00bbWann h\u00f6rt dieser Wahnsinn auf?\u00ab Die \u00bbPal\u00e4stinenserin\u00ab mit SPD-Parteibuch mu\u00dfte nicht [&hellip;]<\/p>\n","protected":false},"author":1,"featured_media":0,"comment_status":"open","ping_status":"open","sticky":false,"template":"","format":"standard","meta":{"footnotes":""},"categories":[2],"tags":[11,38,64,102,301,348,350,361,374],"class_list":["post-3287","post","type-post","status-publish","format-standard","hentry","category-allgemein","tag-palaestina","tag-antisemitismus","tag-berlin","tag-deutschland","tag-oesterreich","tag-salah-abdel-shafi","tag-sawsan-chebli","tag-spd","tag-terrorismus"],"_links":{"self":[{"href":"https:\/\/www.tw24.net\/index.php?rest_route=\/wp\/v2\/posts\/3287","targetHints":{"allow":["GET"]}}],"collection":[{"href":"https:\/\/www.tw24.net\/index.php?rest_route=\/wp\/v2\/posts"}],"about":[{"href":"https:\/\/www.tw24.net\/index.php?rest_route=\/wp\/v2\/types\/post"}],"author":[{"embeddable":true,"href":"https:\/\/www.tw24.net\/index.php?rest_route=\/wp\/v2\/users\/1"}],"replies":[{"embeddable":true,"href":"https:\/\/www.tw24.net\/index.php?rest_route=%2Fwp%2Fv2%2Fcomments&post=3287"}],"version-history":[{"count":0,"href":"https:\/\/www.tw24.net\/index.php?rest_route=\/wp\/v2\/posts\/3287\/revisions"}],"wp:attachment":[{"href":"https:\/\/www.tw24.net\/index.php?rest_route=%2Fwp%2Fv2%2Fmedia&parent=3287"}],"wp:term":[{"taxonomy":"category","embeddable":true,"href":"https:\/\/www.tw24.net\/index.php?rest_route=%2Fwp%2Fv2%2Fcategories&post=3287"},{"taxonomy":"post_tag","embeddable":true,"href":"https:\/\/www.tw24.net\/index.php?rest_route=%2Fwp%2Fv2%2Ftags&post=3287"}],"curies":[{"name":"wp","href":"https:\/\/api.w.org\/{rel}","templated":true}]}}