{"id":3509,"date":"2019-01-20T12:31:42","date_gmt":"2019-01-20T10:31:42","guid":{"rendered":"https:\/\/www.tw24.net\/?p=3509"},"modified":"2019-01-20T12:31:42","modified_gmt":"2019-01-20T10:31:42","slug":"deutsche-klarheit-2","status":"publish","type":"post","link":"https:\/\/www.tw24.net\/?p=3509","title":{"rendered":"Deutsche Klarheit"},"content":{"rendered":"<p>\t\t\t\tHeiko Maas, der deutsche Au\u00dfenminister, via <i>Twitter<\/i> an die Wannseekonferenz <a href=\"https:\/\/twitter.com\/HeikoMaas\/status\/1086896109102886913\">erinnert<\/a>, auf der vor 77 Jahren Vertreter der damaligen deutschen Regierung und der SS \u00fcber die Ausl\u00f6schung des Judentums in Europa berieten. Dieser \u00bbunfassbaren Verdorbenheit\u00ab, so der SPD-Politiker, \u00bbmuss heute ein klares Bekenntnis entgegenstehen: Wir sch\u00fctzen j\u00fcdisches Leben. Nie wieder Faschismus!\u00ab<\/p>\n<p>Dem \u00bbklaren Bekenntnis\u00ab des Genossen freilich fehlen einmal mehr die Taten. Tats\u00e4chlich geh\u00f6rt das Land, das Heiko Maas repr\u00e4sentiert, beispielsweise zu den gro\u00dfz\u00fcgigsten Unterst\u00fctzern der UNRWA, der Agentur der Vereinten Nationen f\u00fcr \u00bbPal\u00e4stina-Fl\u00fcchtlinge\u00ab, der nicht erst seit gestern belegreich vorgeworfen wird, an ihren Schulen Judenha\u00df zu s\u00e4en und Terrorismus zu glorifizieren.<\/p>\n<p>Mit ihrer finanziellen Unterst\u00fctzung f\u00fcr das Regime des PLO in Ramallah tr\u00e4gt Deutschland dar\u00fcber hinaus dazu bei, da\u00df die Clique um \u00bbPr\u00e4sident\u00ab Abu Mazen mit \u00bbM\u00e4rtyrerrenten\u00ab auch den vollzogenen Mord an Juden gro\u00dfz\u00fcgig pr\u00e4mieren kann, w\u00e4hrend das Abstimmungsverhalten deutscher Diplomaten in Gremien der Vereinten Nationen die Ideologie st\u00fctzt, die dahinter steckt.<\/p>\n<p>Vielleicht sind die letzten drei Worte im j\u00fcngsten <i>Statement<\/i> des deutschen Au\u00dfenministers ja einschr\u00e4nkend gemeint: \u00bbWir sch\u00fctzen j\u00fcdisches Leben\u00ab, aber nur, falls \u00bbFaschismus\u00ab droht. In \u00bbPal\u00e4stina\u00ab wird Adolf Hitler <a href=\"https:\/\/www.timesofisrael.com\/palestinian-policeman-arrested-for-incitement-praised-hitler-on-facebook\/\">verehrt<\/a>, Faschismus aber herrscht dort nicht. Und folgerichtig k\u00f6nnen \u00bbpal\u00e4stinensische\u00ab Hetze und Terror gegen Juden also wohl doch durch \u00bbuns\u00ab gef\u00f6rdert werden.\t\t\t\t<\/p>\n","protected":false},"excerpt":{"rendered":"<p>Heiko Maas, der deutsche Au\u00dfenminister, via Twitter an die Wannseekonferenz erinnert, auf der vor 77 Jahren Vertreter der damaligen deutschen Regierung und der SS \u00fcber die Ausl\u00f6schung des Judentums in Europa berieten. Dieser \u00bbunfassbaren Verdorbenheit\u00ab, so der SPD-Politiker, \u00bbmuss heute ein klares Bekenntnis entgegenstehen: Wir sch\u00fctzen j\u00fcdisches Leben. Nie wieder Faschismus!\u00ab Dem \u00bbklaren Bekenntnis\u00ab des [&hellip;]<\/p>\n","protected":false},"author":1,"featured_media":0,"comment_status":"open","ping_status":"open","sticky":false,"template":"","format":"standard","meta":{"footnotes":""},"categories":[2],"tags":[38,165,361,374],"class_list":["post-3509","post","type-post","status-publish","format-standard","hentry","category-allgemein","tag-antisemitismus","tag-heiko-maas","tag-spd","tag-terrorismus"],"_links":{"self":[{"href":"https:\/\/www.tw24.net\/index.php?rest_route=\/wp\/v2\/posts\/3509","targetHints":{"allow":["GET"]}}],"collection":[{"href":"https:\/\/www.tw24.net\/index.php?rest_route=\/wp\/v2\/posts"}],"about":[{"href":"https:\/\/www.tw24.net\/index.php?rest_route=\/wp\/v2\/types\/post"}],"author":[{"embeddable":true,"href":"https:\/\/www.tw24.net\/index.php?rest_route=\/wp\/v2\/users\/1"}],"replies":[{"embeddable":true,"href":"https:\/\/www.tw24.net\/index.php?rest_route=%2Fwp%2Fv2%2Fcomments&post=3509"}],"version-history":[{"count":0,"href":"https:\/\/www.tw24.net\/index.php?rest_route=\/wp\/v2\/posts\/3509\/revisions"}],"wp:attachment":[{"href":"https:\/\/www.tw24.net\/index.php?rest_route=%2Fwp%2Fv2%2Fmedia&parent=3509"}],"wp:term":[{"taxonomy":"category","embeddable":true,"href":"https:\/\/www.tw24.net\/index.php?rest_route=%2Fwp%2Fv2%2Fcategories&post=3509"},{"taxonomy":"post_tag","embeddable":true,"href":"https:\/\/www.tw24.net\/index.php?rest_route=%2Fwp%2Fv2%2Ftags&post=3509"}],"curies":[{"name":"wp","href":"https:\/\/api.w.org\/{rel}","templated":true}]}}