{"id":3580,"date":"2019-02-15T13:17:42","date_gmt":"2019-02-15T11:17:42","guid":{"rendered":"https:\/\/www.tw24.net\/?p=3580"},"modified":"2019-02-15T13:17:42","modified_gmt":"2019-02-15T11:17:42","slug":"ramallahs-pein","status":"publish","type":"post","link":"https:\/\/www.tw24.net\/?p=3580","title":{"rendered":"Ramallahs Pein"},"content":{"rendered":"<p>\t\t\t\tAls er vor wenigen Wochen nach den vom Regime in Ramallah gezahlten \u00bbM\u00e4rtyrerrenten\u00ab gefragt wurde, mit denen es Terrorismus gegen Juden und Israel pr\u00e4miert, <a href=\"https:\/\/www.ard-telaviv.de\/es-gibt-nur-eine-option-zwei-staaten\/\">erkl\u00e4rte<\/a> PLO-Generalsekret\u00e4r Saeb Erekat diese Zahlungen zu \u00bbSozialleistungen\u00ab, auf die etwa Angeh\u00f6rige get\u00f6teter Terroristen angewiesen seien: \u00bbWas soll ich mit denen machen? Sie gemeinsam mit ihrem Vater begraben?\u00ab<\/p>\n<p>Freilich h\u00e4ngt die H\u00f6he dieser dadurch ganz besonderen \u00bbSozialleistungen\u00ab nicht etwa vom tats\u00e4chlichen Bedarf derer ab, die sie erhalten, sondern allein vom \u00bbErfolg\u00ab eines Terroristen. Denn, wie Saeb Erekat weiter angibt, \u00bbnat\u00fcrlich haben wir eine soziale Verantwortung\u00ab, und zwar \u00bbunseren Gefangenen gegen\u00fcber, unseren M\u00e4rtyrern gegen\u00fcber\u00ab. Und eben nicht gegen\u00fcber Bed\u00fcrftigen.<\/p>\n<p>Nun allerdings droht das System der \u00bbM\u00e4rtyrerrenten\u00ab in Verruf zu geraten. Nicht im Rest der Welt, der um diese Pr\u00e4mien bereits seit Jahren wei\u00df &#8211; \u00bbwir tun das seit 1967\u00ab, sagt Saeb Erekat -, aber entschlossen scheint, dieses Wissen zu ignorieren. In \u00bbPal\u00e4stina\u00ab selbst verursachen die \u00bbM\u00e4rtyrerrenten\u00ab Kopfschmerzen. Grund daf\u00fcr ist der Mord eines \u00bbPal\u00e4stinensers\u00ab an einer jungen J\u00fcdin.<\/p>\n<p>H\u00e4tte Arafat Irfayia sein Opfer, die 19 Jahre alte Ori Ansbacher, \u00bbnur\u00ab ermordet, h\u00e4tte das Regime in Ramallah keine Probleme damit, die Familie des inhaftierten Terroristen f\u00fcr ihren \u00bbVerlust\u00ab zu \u00bbentsch\u00e4digen\u00ab. Doch Arafat Irfayia hat die junge Frau vergewaltigt, bevor er sie umbrachte. Und sowas tut ein \u00bbK\u00e4mpfer f\u00fcr Freiheit und Frieden\u00ab (\u00bbPr\u00e4sident\u00ab Abu Mazen \u00fcber Terroristen) nicht.<\/p>\n<p>Nun steckt die PA in einem Dilemma. Mit dem Mord an Ori Ansbacher hat Arafat Irfayia, der bekannte, ein \u00bbM\u00e4rtyrer\u00ab werden zu wollen, sich f\u00fcr eine \u00bbM\u00e4rtyrerrente\u00ab qualifiziert. Aber Ramallah ist es peinlich, eine Vergewaltigung zu belohnen. Doch die PA scheint einen Ausweg gefunden zu haben: Sie klagt jetzt dar\u00fcber, da\u00df die israelischen Beh\u00f6rden den Mord zum Terrorakt erkl\u00e4rt haben.<\/p>\n<p>Denn ohne diese j\u00fcngste Schandtat des zionistischen Projekts steckte das Regime um \u00bbPal\u00e4stinenserpr\u00e4sident\u00ab Abu Mazen ja schlie\u00dflich nicht in der Klemme. Und so ist dann doch wieder alles, wie es sein soll: Die Juden sind schuld, wenn Ramallah demn\u00e4chst den Antrag der Angeh\u00f6rigen Arafat Irfayias auf eine \u00bbM\u00e4rtyrerrente\u00ab genehmigt. \u00bbSoziale Verantwortung\u00ab auf \u00bbpal\u00e4stinensisch\u00ab.\t\t\t\t<\/p>\n","protected":false},"excerpt":{"rendered":"<p>Als er vor wenigen Wochen nach den vom Regime in Ramallah gezahlten \u00bbM\u00e4rtyrerrenten\u00ab gefragt wurde, mit denen es Terrorismus gegen Juden und Israel pr\u00e4miert, erkl\u00e4rte PLO-Generalsekret\u00e4r Saeb Erekat diese Zahlungen zu \u00bbSozialleistungen\u00ab, auf die etwa Angeh\u00f6rige get\u00f6teter Terroristen angewiesen seien: \u00bbWas soll ich mit denen machen? Sie gemeinsam mit ihrem Vater begraben?\u00ab Freilich h\u00e4ngt die [&hellip;]<\/p>\n","protected":false},"author":1,"featured_media":0,"comment_status":"open","ping_status":"open","sticky":false,"template":"","format":"standard","meta":{"footnotes":""},"categories":[2],"tags":[9,11,38,303,374],"class_list":["post-3580","post","type-post","status-publish","format-standard","hentry","category-allgemein","tag-maertyrerrenten","tag-palaestina","tag-antisemitismus","tag-pa","tag-terrorismus"],"_links":{"self":[{"href":"https:\/\/www.tw24.net\/index.php?rest_route=\/wp\/v2\/posts\/3580","targetHints":{"allow":["GET"]}}],"collection":[{"href":"https:\/\/www.tw24.net\/index.php?rest_route=\/wp\/v2\/posts"}],"about":[{"href":"https:\/\/www.tw24.net\/index.php?rest_route=\/wp\/v2\/types\/post"}],"author":[{"embeddable":true,"href":"https:\/\/www.tw24.net\/index.php?rest_route=\/wp\/v2\/users\/1"}],"replies":[{"embeddable":true,"href":"https:\/\/www.tw24.net\/index.php?rest_route=%2Fwp%2Fv2%2Fcomments&post=3580"}],"version-history":[{"count":0,"href":"https:\/\/www.tw24.net\/index.php?rest_route=\/wp\/v2\/posts\/3580\/revisions"}],"wp:attachment":[{"href":"https:\/\/www.tw24.net\/index.php?rest_route=%2Fwp%2Fv2%2Fmedia&parent=3580"}],"wp:term":[{"taxonomy":"category","embeddable":true,"href":"https:\/\/www.tw24.net\/index.php?rest_route=%2Fwp%2Fv2%2Fcategories&post=3580"},{"taxonomy":"post_tag","embeddable":true,"href":"https:\/\/www.tw24.net\/index.php?rest_route=%2Fwp%2Fv2%2Ftags&post=3580"}],"curies":[{"name":"wp","href":"https:\/\/api.w.org\/{rel}","templated":true}]}}