{"id":3636,"date":"2019-03-09T12:51:52","date_gmt":"2019-03-09T10:51:52","guid":{"rendered":"https:\/\/www.tw24.net\/?p=3636"},"modified":"2019-03-09T12:51:52","modified_gmt":"2019-03-09T10:51:52","slug":"ueble-farce","status":"publish","type":"post","link":"https:\/\/www.tw24.net\/?p=3636","title":{"rendered":"\u00dcble Farce"},"content":{"rendered":"<p>\t\t\t\tAm Sonntag wird Bundespr\u00e4sident Frank-Walter Steinmeier im bayerischen N\u00fcrnberg erwartet, um dort die Auftaktrede zur diesj\u00e4hrigen \u00bbWoche der Br\u00fcderlichkeit\u00ab zu halten. Die seit 1952 j\u00e4hrlich von den Gesellschaften f\u00fcr Christlich- J\u00fcdische Zusammenarbeit organisierte \u00bbWoche der Br\u00fcderlichkeit\u00ab steht 2019 unter dem <a href=\"https:\/\/www.deutscher-koordinierungsrat.de\/wdb-service-2019\">Motto<\/a>: \u00bbMensch, wo bist Du? Gemeinsam gegen Judenfeindschaft\u00ab.<\/p>\n<p>2010 <a href=\"https:\/\/www.spdfraktion.de\/node\/30040\/pdf\">hetzte<\/a> Frank-Walter Steinmeier als Fraktionsvorsitzender seiner SPD im Bundestag gegen den j\u00fcdischen Staat, als der eine von islamistischen Unterst\u00fctzern der Hamas organisierte illegale Schiffsflotte aufgebracht hatte. Als Architekt des JCPOA half der Politiker als Au\u00dfenminister f\u00fcnf Jahre sp\u00e4ter, die internationale Isolation des antisemitischen Mullah-Regimes von Teheran zu beenden.<\/p>\n<p>Im Mai 2017 legte der zum Bundespr\u00e4sidenten bef\u00f6rderte Sozialdemokrat bei einem Besuch in Ramallah einen Kranz am Grab des Judenm\u00f6rders Yassir Arafat ab und <a href=\"https:\/\/www.augsburger-allgemeine.de\/politik\/Steinmeier-Beleidigungen-gegen-Andersglaeubige-sind-Angriffe-auf-uns-alle-id41866816.html\">erkl\u00e4rte<\/a>, damit nur einem \u00bbpal\u00e4stinensischen Protokoll\u00ab gefolgt zu sein. Der von ihm \u00bbHa\u00dfprediger\u00ab geschimpfte US-Pr\u00e4sident Donald J. Trump traf \u00bbPal\u00e4stinenserpr\u00e4sident\u00ab Abu Mazen kurz darauf in Bethlehem &#8211; ohne Kranz.<\/p>\n<p>Erst wenige Tage ist es her, da ging in Teheran ein Telegramm Frank-Walter Steinmeiers ein, mit dem er \u00bbauch im Namen meiner Landsleute\u00ab der F\u00fchrung der Islamischen Republik \u00bbzum Nationalfeiertag\u00ab gratulierte, den Anh\u00e4nger des Mullah-Regimes mit Vernichtungsdrohungen gegen Israel begingen. Auch dank des JCPOA stehen iranische Truppen und S\u00f6ldner heute an den Grenzen Israels.<\/p>\n<p>Mit ihrer Entscheidung, Frank-Walter Steinmeier die \u00bbWoche der Br\u00fcderlichkeit\u00ab er\u00f6ffnen zu lassen, machen deren Veranstalter sich, sie und ihr Motto l\u00e4cherlich. Dem Kampf gegen Antisemitismus erweisen sie mit der Einladung des deutschen Staatsoberhaupts einen B\u00e4rendienst, denn als ein Streiter gegen grassierenden Ha\u00df auf Juden fehlt Frank-Walter Steinmeier jede Glaubw\u00fcrdigkeit.\t\t\t\t<\/p>\n","protected":false},"excerpt":{"rendered":"<p>Am Sonntag wird Bundespr\u00e4sident Frank-Walter Steinmeier im bayerischen N\u00fcrnberg erwartet, um dort die Auftaktrede zur diesj\u00e4hrigen \u00bbWoche der Br\u00fcderlichkeit\u00ab zu halten. Die seit 1952 j\u00e4hrlich von den Gesellschaften f\u00fcr Christlich- J\u00fcdische Zusammenarbeit organisierte \u00bbWoche der Br\u00fcderlichkeit\u00ab steht 2019 unter dem Motto: \u00bbMensch, wo bist Du? Gemeinsam gegen Judenfeindschaft\u00ab. 2010 hetzte Frank-Walter Steinmeier als Fraktionsvorsitzender seiner [&hellip;]<\/p>\n","protected":false},"author":1,"featured_media":0,"comment_status":"open","ping_status":"open","sticky":false,"template":"","format":"standard","meta":{"footnotes":""},"categories":[2],"tags":[13,38,102,144,361],"class_list":["post-3636","post","type-post","status-publish","format-standard","hentry","category-allgemein","tag-woche-der-bruederlichkeit","tag-antisemitismus","tag-deutschland","tag-frank-walter-steinmeier","tag-spd"],"_links":{"self":[{"href":"https:\/\/www.tw24.net\/index.php?rest_route=\/wp\/v2\/posts\/3636","targetHints":{"allow":["GET"]}}],"collection":[{"href":"https:\/\/www.tw24.net\/index.php?rest_route=\/wp\/v2\/posts"}],"about":[{"href":"https:\/\/www.tw24.net\/index.php?rest_route=\/wp\/v2\/types\/post"}],"author":[{"embeddable":true,"href":"https:\/\/www.tw24.net\/index.php?rest_route=\/wp\/v2\/users\/1"}],"replies":[{"embeddable":true,"href":"https:\/\/www.tw24.net\/index.php?rest_route=%2Fwp%2Fv2%2Fcomments&post=3636"}],"version-history":[{"count":0,"href":"https:\/\/www.tw24.net\/index.php?rest_route=\/wp\/v2\/posts\/3636\/revisions"}],"wp:attachment":[{"href":"https:\/\/www.tw24.net\/index.php?rest_route=%2Fwp%2Fv2%2Fmedia&parent=3636"}],"wp:term":[{"taxonomy":"category","embeddable":true,"href":"https:\/\/www.tw24.net\/index.php?rest_route=%2Fwp%2Fv2%2Fcategories&post=3636"},{"taxonomy":"post_tag","embeddable":true,"href":"https:\/\/www.tw24.net\/index.php?rest_route=%2Fwp%2Fv2%2Ftags&post=3636"}],"curies":[{"name":"wp","href":"https:\/\/api.w.org\/{rel}","templated":true}]}}