{"id":3688,"date":"2019-03-29T12:39:27","date_gmt":"2019-03-29T10:39:27","guid":{"rendered":"https:\/\/www.tw24.net\/?p=3688"},"modified":"2019-07-18T18:33:00","modified_gmt":"2019-07-18T16:33:00","slug":"berlins-protege","status":"publish","type":"post","link":"https:\/\/www.tw24.net\/?p=3688","title":{"rendered":"Berlins Proteg\u00e9"},"content":{"rendered":"<p>Bei einem <a href=\"https:\/\/twitter.com\/GerRepRamallah\/status\/1111275359645900801\">Besuch<\/a> in Hebron hat sich Christian Clages, der deutsche Repr\u00e4sentant beim Regime in Ramallah, mit Issa Amro solidarisiert, einem \u00bbPal\u00e4stinenser\u00ab, der vorgibt, ein \u00bbMenschenrechtsaktivist\u00ab zu sein. Sein \u00bbAktivismus\u00ab bringt Issa Amro in der Tat immer wieder in Schwierigkeiten &#8211; beim PLO-Regime ebenso wie bei den israelischen Beh\u00f6rden, wenn auch aus verschiedenen Gr\u00fcnden.<\/p>\n<p><a href=\"https:\/\/twitter.com\/Issaamro\/status\/1109885815084195840\">Kritisiert<\/a> er die Clique um \u00bbPr\u00e4sident\u00ab Abu Mazen mit einiger Berechtigung als inkompetent, verantwortungslos und korrupt, sind seine Angriffe auf Israel von anderer Qualit\u00e4t. Seine tagt\u00e4gliche wahnhafte Hetze gegen den j\u00fcdischen Staat und dessen Institutionen ist durchzogen von antisemitischen Motiven und hat daher mit einem ernsthaften Einsatz f\u00fcr Menschenrechte nicht viel zu tun.<\/p>\n<p>Israel wird von dem \u00bbPal\u00e4stinenser\u00ab als ein \u00bbApartheidstaat\u00ab <a href=\"https:\/\/twitter.com\/Issaamro\/status\/1103558734524153856\">diffamiert<\/a>, er <a href=\"https:\/\/twitter.com\/Issaamro\/status\/1110552735232000001\">schimpft<\/a> die Regierung in Jerusalem \u00bbfaschistisch\u00ab &#8211; und verharmlost so Faschismus und verh\u00f6hnt dessen Opfer &#8211; und <a href=\"https:\/\/www.middleeastmonitor.com\/20171222-issa-amro-there-is-no-change-without-sacrifice\/\">wirbt<\/a> als Sympathisant der extremistischen BDS-Bewegung f\u00fcr antij\u00fcdische Boykotte. Nach dem Massaker in Christchurch machte er Premier Benjamin Netanjahu f\u00fcr das Blutvergie\u00dfen <a href=\"https:\/\/twitter.com\/Issaamro\/status\/1106518071257247744\">verantwortlich<\/a>.<\/p>\n<p>Issa Amro ist ein <a href=\"https:\/\/twitter.com\/Issaamro\/status\/1107471600247545863\">Bewunderer<\/a> der antisemitischen Kongre\u00dfabgeordneten Ilhan Omar, w\u00e4hrend er Juden als Massenm\u00f6rder <a href=\"https:\/\/twitter.com\/Issaamro\/status\/1106657654393450497\">d\u00e4monisiert<\/a> und Israel als treibende Kraft hinter dem von der PA gegen ihn angestrengten Verfahren <a href=\"https:\/\/twitter.com\/Issaamro\/status\/1111258493087039489\">vermutet<\/a>, um so auch noch seine Kritik an ihr als zutiefst antisemitisch motiviert zu entwerten. Der Einsatz der deutschen Au\u00dfenpolitik f\u00fcr den Antisemiten ist &#8211; r\u00fchrend.<\/p>\n","protected":false},"excerpt":{"rendered":"<p>Bei einem Besuch in Hebron hat sich Christian Clages, der deutsche Repr\u00e4sentant beim Regime in Ramallah, mit Issa Amro solidarisiert, einem \u00bbPal\u00e4stinenser\u00ab, der vorgibt, ein \u00bbMenschenrechtsaktivist\u00ab zu sein. Sein \u00bbAktivismus\u00ab bringt Issa Amro in der Tat immer wieder in Schwierigkeiten &#8211; beim PLO-Regime ebenso wie bei den israelischen Beh\u00f6rden, wenn auch aus verschiedenen Gr\u00fcnden. Kritisiert [&hellip;]<\/p>\n","protected":false},"author":1,"featured_media":0,"comment_status":"open","ping_status":"open","sticky":false,"template":"","format":"standard","meta":{"footnotes":""},"categories":[2],"tags":[11,38,49,84,102,165,195],"class_list":["post-3688","post","type-post","status-publish","format-standard","hentry","category-allgemein","tag-palaestina","tag-antisemitismus","tag-auswaertiges-amt","tag-christian-clages","tag-deutschland","tag-heiko-maas","tag-issa-amro"],"_links":{"self":[{"href":"https:\/\/www.tw24.net\/index.php?rest_route=\/wp\/v2\/posts\/3688","targetHints":{"allow":["GET"]}}],"collection":[{"href":"https:\/\/www.tw24.net\/index.php?rest_route=\/wp\/v2\/posts"}],"about":[{"href":"https:\/\/www.tw24.net\/index.php?rest_route=\/wp\/v2\/types\/post"}],"author":[{"embeddable":true,"href":"https:\/\/www.tw24.net\/index.php?rest_route=\/wp\/v2\/users\/1"}],"replies":[{"embeddable":true,"href":"https:\/\/www.tw24.net\/index.php?rest_route=%2Fwp%2Fv2%2Fcomments&post=3688"}],"version-history":[{"count":2,"href":"https:\/\/www.tw24.net\/index.php?rest_route=\/wp\/v2\/posts\/3688\/revisions"}],"predecessor-version":[{"id":4026,"href":"https:\/\/www.tw24.net\/index.php?rest_route=\/wp\/v2\/posts\/3688\/revisions\/4026"}],"wp:attachment":[{"href":"https:\/\/www.tw24.net\/index.php?rest_route=%2Fwp%2Fv2%2Fmedia&parent=3688"}],"wp:term":[{"taxonomy":"category","embeddable":true,"href":"https:\/\/www.tw24.net\/index.php?rest_route=%2Fwp%2Fv2%2Fcategories&post=3688"},{"taxonomy":"post_tag","embeddable":true,"href":"https:\/\/www.tw24.net\/index.php?rest_route=%2Fwp%2Fv2%2Ftags&post=3688"}],"curies":[{"name":"wp","href":"https:\/\/api.w.org\/{rel}","templated":true}]}}