{"id":3865,"date":"2019-05-25T12:48:47","date_gmt":"2019-05-25T10:48:47","guid":{"rendered":"https:\/\/www.tw24.net\/?p=3865"},"modified":"2019-05-25T12:48:47","modified_gmt":"2019-05-25T10:48:47","slug":"isolationskurs","status":"publish","type":"post","link":"https:\/\/www.tw24.net\/?p=3865","title":{"rendered":"Isolationskurs"},"content":{"rendered":"<p>In gut vier Wochen wird auf Initiative der Regierung in Washington in Manama, der Hauptstadt des K\u00f6nigreichs Bahrain, eine internationale Konferenz stattfinden, auf der \u00f6konomische Aspekte des <i>\u00bbDeal of the Century\u00ab<\/i> vorgestellt und besprochen werden sollen, mit dem Pr\u00e4sident Donald J. Trump einen neuen Ansto\u00df zur L\u00f6sung des Konflikts zwischen \u00bbPal\u00e4stinensern\u00ab und Israel geben will.<\/p>\n<p>Wie schon die Nahost-Konferenz im polnischen Warschau im Februar wird auch dieses hochrangig besetzte Treffen von der \u00bbPal\u00e4stinenserf\u00fchrung\u00ab in Ramallah ebenso boykottiert wie von der in Gaza herrschenden Hamas. Niemand, so hei\u00dft es in der mit w\u00fcsten Beschimpfungen angereicherten offiziellen Absage aus Ramallah, sei legitimiert, die \u00bbPal\u00e4stinenser\u00ab in Manama zu repr\u00e4sentieren.<\/p>\n<p>Die Clique um \u00bbPal\u00e4stinenserpr\u00e4sident\u00ab Abu Mazen demonstriert mit ihrer Teilnahmeverweigeung einmal mehr, da\u00df ihr wenig am Wohl der \u00bbPal\u00e4stinenser\u00ab liegt. Statt sich an Versuchen zu beteiligen, ihren Konflikt mit Israel auf friedliche Weise zu l\u00f6sen, hintertreibt Ramallah sie nach Kr\u00e4ften. Die \u00bbPal\u00e4stinenserf\u00fchrung\u00ab verr\u00e4t damit vor allem die Interessen derer, die sie zu vertreten vorgibt.<\/p>\n<p>W\u00e4hrend offenbar selbst Saudi-Barbarien und Katar bereit sind, ihren Zwist f\u00fcr die Dauer der Konferenz auszusetzen, werden auch sie und andere arabische Staaten von Ramallah wieder einmal d\u00fcpiert, das so seine Isolation im noch \u00bbeigenen\u00ab Lager weiter vertieft. Bleibt die PA bei ihrem Kurs, wird sie bald nur noch Freunde in Europa haben. Und das spricht weder f\u00fcr sie noch die Europ\u00e4er.<\/p>\n","protected":false},"excerpt":{"rendered":"<p>In gut vier Wochen wird auf Initiative der Regierung in Washington in Manama, der Hauptstadt des K\u00f6nigreichs Bahrain, eine internationale Konferenz stattfinden, auf der \u00f6konomische Aspekte des \u00bbDeal of the Century\u00ab vorgestellt und besprochen werden sollen, mit dem Pr\u00e4sident Donald J. Trump einen neuen Ansto\u00df zur L\u00f6sung des Konflikts zwischen \u00bbPal\u00e4stinensern\u00ab und Israel geben will. [&hellip;]<\/p>\n","protected":false},"author":1,"featured_media":0,"comment_status":"open","ping_status":"open","sticky":false,"template":"","format":"standard","meta":{"footnotes":""},"categories":[2],"tags":[11,471,121,130,157,303,313,397],"class_list":["post-3865","post","type-post","status-publish","format-standard","hentry","category-allgemein","tag-palaestina","tag-bahrain","tag-europa","tag-fatah","tag-hamas","tag-pa","tag-plo","tag-vereinigte-staaten"],"_links":{"self":[{"href":"https:\/\/www.tw24.net\/index.php?rest_route=\/wp\/v2\/posts\/3865","targetHints":{"allow":["GET"]}}],"collection":[{"href":"https:\/\/www.tw24.net\/index.php?rest_route=\/wp\/v2\/posts"}],"about":[{"href":"https:\/\/www.tw24.net\/index.php?rest_route=\/wp\/v2\/types\/post"}],"author":[{"embeddable":true,"href":"https:\/\/www.tw24.net\/index.php?rest_route=\/wp\/v2\/users\/1"}],"replies":[{"embeddable":true,"href":"https:\/\/www.tw24.net\/index.php?rest_route=%2Fwp%2Fv2%2Fcomments&post=3865"}],"version-history":[{"count":1,"href":"https:\/\/www.tw24.net\/index.php?rest_route=\/wp\/v2\/posts\/3865\/revisions"}],"predecessor-version":[{"id":3866,"href":"https:\/\/www.tw24.net\/index.php?rest_route=\/wp\/v2\/posts\/3865\/revisions\/3866"}],"wp:attachment":[{"href":"https:\/\/www.tw24.net\/index.php?rest_route=%2Fwp%2Fv2%2Fmedia&parent=3865"}],"wp:term":[{"taxonomy":"category","embeddable":true,"href":"https:\/\/www.tw24.net\/index.php?rest_route=%2Fwp%2Fv2%2Fcategories&post=3865"},{"taxonomy":"post_tag","embeddable":true,"href":"https:\/\/www.tw24.net\/index.php?rest_route=%2Fwp%2Fv2%2Ftags&post=3865"}],"curies":[{"name":"wp","href":"https:\/\/api.w.org\/{rel}","templated":true}]}}