{"id":3871,"date":"2019-05-28T09:48:48","date_gmt":"2019-05-28T07:48:48","guid":{"rendered":"https:\/\/www.tw24.net\/?p=3871"},"modified":"2019-05-28T09:48:48","modified_gmt":"2019-05-28T07:48:48","slug":"traditionspflege-2","status":"publish","type":"post","link":"https:\/\/www.tw24.net\/?p=3871","title":{"rendered":"Traditionspflege"},"content":{"rendered":"<p>Am Wochenende wird Berlin einmal mehr zum Aufmarschgebiet f\u00fcr Judenfeinde aus ganz Deutschland, wenn Anh\u00e4nger des islamistischen Regimes in Teheran zu ihrem allj\u00e4hrlichen Al-Quds-Tag einladen. Am Al-Quds-Tag, einem unbestrittenen Exportschlager der Mullah-Tyrannei, wird in aller Welt zum Abschlu\u00df des Ramadan ein Ende der \u00bbj\u00fcdischen Besetzung\u00ab Jerusalems herbeigefleht.<\/p>\n<p>Und obwohl l\u00e4ngst die Kunde davon, da\u00df diese Aufm\u00e4rsche gepr\u00e4gt sind von Ha\u00df auf Juden und Israel, zu den Beh\u00f6rden der deutschen Hauptstadt vorgedrungen sein sollte, haben sie sie einmal mehr genehmigt. Im vergangenen Jahr beispielsweise wurde offen zum Boykott von Juden aufgerufen, Teilnehmerinnen forderten, \u00bbh\u00f6rt auf den Pal\u00e4stinensern das anzutun, was euch angetan wurde [sic!]\u00ab.<\/p>\n<p>Da\u00df mit solchen Spr\u00fcchen der Holocaust verharmlost und der organisierte millionenfache Mord an Juden durch Deutsche und ihre Helfershelfer geleugnet wird, war denn 2018 auch kein Grund, die Ha\u00df-Demonstration nach ihrem Beginn aufzul\u00f6sen. Am Al-Quds-Tag demonstriert Deutschland, was von Sonntagsreden zu halten ist, die versprechen, \u00bbbei uns\u00ab sei \u00bbkein Platz f\u00fcr Antisemitismus\u00ab.<\/p>\n<p>K\u00fcrzlich gratulierte der Bundespr\u00e4sident Frank-Walter Steinmeier der Islamischen Republik zum Jubil\u00e4um, Au\u00dfenminister Heiko Maas schickte Staatssekret\u00e4r Niels Annen zur Party in der Berliner Dependance Teherans. \u00bbWir brauchen das Offenhalten von Dialogm\u00f6glichkeiten mit Teheran\u00ab, <a href=\"https:\/\/www.dw.com\/de\/besuch-auf-feier-in-iranischer-botschaft-bereue-nichts\/a-47572612\">so<\/a> das deutsche Motto. Am Sonnabend werden wohl wieder flei\u00dfig Dialogm\u00f6glichkeiten geschaffen und bewahrt.<\/p>\n","protected":false},"excerpt":{"rendered":"<p>Am Wochenende wird Berlin einmal mehr zum Aufmarschgebiet f\u00fcr Judenfeinde aus ganz Deutschland, wenn Anh\u00e4nger des islamistischen Regimes in Teheran zu ihrem allj\u00e4hrlichen Al-Quds-Tag einladen. Am Al-Quds-Tag, einem unbestrittenen Exportschlager der Mullah-Tyrannei, wird in aller Welt zum Abschlu\u00df des Ramadan ein Ende der \u00bbj\u00fcdischen Besetzung\u00ab Jerusalems herbeigefleht. Und obwohl l\u00e4ngst die Kunde davon, da\u00df diese [&hellip;]<\/p>\n","protected":false},"author":1,"featured_media":0,"comment_status":"open","ping_status":"open","sticky":false,"template":"","format":"standard","meta":{"footnotes":""},"categories":[2],"tags":[24,38,64,102,191],"class_list":["post-3871","post","type-post","status-publish","format-standard","hentry","category-allgemein","tag-al-quds","tag-antisemitismus","tag-berlin","tag-deutschland","tag-islamische-republik-iran"],"_links":{"self":[{"href":"https:\/\/www.tw24.net\/index.php?rest_route=\/wp\/v2\/posts\/3871","targetHints":{"allow":["GET"]}}],"collection":[{"href":"https:\/\/www.tw24.net\/index.php?rest_route=\/wp\/v2\/posts"}],"about":[{"href":"https:\/\/www.tw24.net\/index.php?rest_route=\/wp\/v2\/types\/post"}],"author":[{"embeddable":true,"href":"https:\/\/www.tw24.net\/index.php?rest_route=\/wp\/v2\/users\/1"}],"replies":[{"embeddable":true,"href":"https:\/\/www.tw24.net\/index.php?rest_route=%2Fwp%2Fv2%2Fcomments&post=3871"}],"version-history":[{"count":1,"href":"https:\/\/www.tw24.net\/index.php?rest_route=\/wp\/v2\/posts\/3871\/revisions"}],"predecessor-version":[{"id":3872,"href":"https:\/\/www.tw24.net\/index.php?rest_route=\/wp\/v2\/posts\/3871\/revisions\/3872"}],"wp:attachment":[{"href":"https:\/\/www.tw24.net\/index.php?rest_route=%2Fwp%2Fv2%2Fmedia&parent=3871"}],"wp:term":[{"taxonomy":"category","embeddable":true,"href":"https:\/\/www.tw24.net\/index.php?rest_route=%2Fwp%2Fv2%2Fcategories&post=3871"},{"taxonomy":"post_tag","embeddable":true,"href":"https:\/\/www.tw24.net\/index.php?rest_route=%2Fwp%2Fv2%2Ftags&post=3871"}],"curies":[{"name":"wp","href":"https:\/\/api.w.org\/{rel}","templated":true}]}}