{"id":3908,"date":"2019-06-08T11:15:05","date_gmt":"2019-06-08T09:15:05","guid":{"rendered":"https:\/\/www.tw24.net\/?p=3908"},"modified":"2019-06-08T11:15:05","modified_gmt":"2019-06-08T09:15:05","slug":"bekennerschreiben","status":"publish","type":"post","link":"https:\/\/www.tw24.net\/?p=3908","title":{"rendered":"Bekennerschreiben"},"content":{"rendered":"<p>In den vergangenen Tagen sind mehrere von zahlreichen mehr oder minder ber\u00fcchtigten \u00bbExperten\u00ab und Wissenschaftlern unterzeichnete Aufrufe erschienen, die den Deutschen Bundestag daf\u00fcr kritisieren, die BDS-Bewegung als antisemitisch charakterisiert zu haben. Die BDS-Bewegung, glauben die Unterzeichner, sei nicht in ihrer Gesamtheit antisemitisch und werde deshalb grundlos ge\u00e4chtet.<\/p>\n<p>\u00bbAngesichts der bundesdeutschen Realit\u00e4t\u00ab, <a href=\"https:\/\/www.zeit.de\/politik\/deutschland\/2019-06\/israel-boykott-bds-antisemitismus-meinungsfreiheit-bundesregierung\/komplettansicht\">argumentiert<\/a> eine der Stellungnahmen weiter, die etwa Muriel Asseburg, Helga Baumgarten und Gudrun Kr\u00e4mer unterschrieben haben, \u00bbw\u00e4re eine andere Sto\u00dfrichtung zielf\u00fchrender im Kampf gegen Antisemitismus gewesen\u00ab. Antisemitische Straftaten gingen bei steigender Tendenz n\u00e4mlich \u00bbganz \u00fcberwiegend auf das Konto von Rechtsextremen\u00ab.<\/p>\n<p>Ein weiterer <a href=\"https:\/\/de.scribd.com\/document\/412474418\/Aufruf-von-240-Judischen-und-Israelischen-Wissenschaftlern-an-die-Bundesregierung-zu-BDS-und-Antisemitismus\">Aufruf<\/a>, ihn haben neben anderen Avraham Burg, Judith Butler und Brian Klug unterzeichnet, behauptet, den deutschen Parlamentariern sei es bei ihrem Beschlu\u00df gegen BDS gar nicht um Antisemitismus gegangen, sie seien vielmehr \u00bbvon den politischen Interessen und der Politik der am st\u00e4rksten rechtsgerichteten Regierung Israels in der Geschichte des Landes angetrieben\u00ab.<\/p>\n<p>Mit ihren \u00bbArgumenten\u00ab verm\u00f6gen die \u00bbExperten\u00ab und Wissenschaftler freilich nur zu belegen, da\u00df auch akademische Karrieren vor Bl\u00f6dheit nicht sch\u00fctzen. <i><a href=\"https:\/\/de.wikipedia.org\/wiki\/Whataboutism\">Whataboutism<\/a><\/i> (Was ist mit rechtem Antisemitimus?) entlastet die BDS-Bewegung so wenig wie die &#8211; wohl zumindest antisemitismusverd\u00e4chtige &#8211; Behauptung, das Parlament in Berlin lie\u00dfe sich seine Beschl\u00fcsse von Jerusalem diktieren.<\/p>\n<p>Tats\u00e4chlich taugen die Aufrufe allenfalls dazu, die ganze Zahnlosigkeit des Bundestagsbeschlusses unter Beweis zu stellen. Denn viele derer, die sie unterschrieben haben, sind an Institutionen besch\u00e4ftigt oder f\u00fcr Projekte t\u00e4tig, die auch mit deutschen \u00f6ffentlichen Geldern finanziert werden. Von Sanktionen gegen diese Verharmloser und Leugner des Antisemitismus h\u00f6rte man (noch) nichts.<\/p>\n","protected":false},"excerpt":{"rendered":"<p>In den vergangenen Tagen sind mehrere von zahlreichen mehr oder minder ber\u00fcchtigten \u00bbExperten\u00ab und Wissenschaftlern unterzeichnete Aufrufe erschienen, die den Deutschen Bundestag daf\u00fcr kritisieren, die BDS-Bewegung als antisemitisch charakterisiert zu haben. Die BDS-Bewegung, glauben die Unterzeichner, sei nicht in ihrer Gesamtheit antisemitisch und werde deshalb grundlos ge\u00e4chtet. \u00bbAngesichts der bundesdeutschen Realit\u00e4t\u00ab, argumentiert eine der Stellungnahmen [&hellip;]<\/p>\n","protected":false},"author":1,"featured_media":0,"comment_status":"open","ping_status":"open","sticky":false,"template":"","format":"standard","meta":{"footnotes":""},"categories":[2],"tags":[38,61,101,102],"class_list":["post-3908","post","type-post","status-publish","format-standard","hentry","category-allgemein","tag-antisemitismus","tag-bds","tag-deutscher-bundestag","tag-deutschland"],"_links":{"self":[{"href":"https:\/\/www.tw24.net\/index.php?rest_route=\/wp\/v2\/posts\/3908","targetHints":{"allow":["GET"]}}],"collection":[{"href":"https:\/\/www.tw24.net\/index.php?rest_route=\/wp\/v2\/posts"}],"about":[{"href":"https:\/\/www.tw24.net\/index.php?rest_route=\/wp\/v2\/types\/post"}],"author":[{"embeddable":true,"href":"https:\/\/www.tw24.net\/index.php?rest_route=\/wp\/v2\/users\/1"}],"replies":[{"embeddable":true,"href":"https:\/\/www.tw24.net\/index.php?rest_route=%2Fwp%2Fv2%2Fcomments&post=3908"}],"version-history":[{"count":1,"href":"https:\/\/www.tw24.net\/index.php?rest_route=\/wp\/v2\/posts\/3908\/revisions"}],"predecessor-version":[{"id":3909,"href":"https:\/\/www.tw24.net\/index.php?rest_route=\/wp\/v2\/posts\/3908\/revisions\/3909"}],"wp:attachment":[{"href":"https:\/\/www.tw24.net\/index.php?rest_route=%2Fwp%2Fv2%2Fmedia&parent=3908"}],"wp:term":[{"taxonomy":"category","embeddable":true,"href":"https:\/\/www.tw24.net\/index.php?rest_route=%2Fwp%2Fv2%2Fcategories&post=3908"},{"taxonomy":"post_tag","embeddable":true,"href":"https:\/\/www.tw24.net\/index.php?rest_route=%2Fwp%2Fv2%2Ftags&post=3908"}],"curies":[{"name":"wp","href":"https:\/\/api.w.org\/{rel}","templated":true}]}}