{"id":3913,"date":"2019-06-10T11:22:33","date_gmt":"2019-06-10T09:22:33","guid":{"rendered":"https:\/\/www.tw24.net\/?p=3913"},"modified":"2019-06-10T11:22:33","modified_gmt":"2019-06-10T09:22:33","slug":"naiver-missionar","status":"publish","type":"post","link":"https:\/\/www.tw24.net\/?p=3913","title":{"rendered":"Naiver Missionar"},"content":{"rendered":"<p>Der deutsche Au\u00dfenminister Heiko Maas hat w\u00e4hrend seiner j\u00fcngsten Visite in Jordanien <a href=\"https:\/\/www.dw.com\/de\/nahost-konflikt-f\u00fcr-maas-gibt-es-nur-eine-zwei-staaten-l\u00f6sung\/a-49119382\">bekr\u00e4ftigt<\/a>, \u00bbdass f\u00fcr einen Frieden im Nahen Osten die sogenannte Zwei-Staaten-L\u00f6sung unumg\u00e4nglich ist\u00ab, wie die <i>Deutsche Welle<\/i> meldet. \u00bbWir sind und wir bleiben\u00ab,versicherte der Sozialdemokrat seinen Gastgebern in Amman, \u00bbuns einig in der Notwendigkeit einer verhandelten Zwei-Staaten-L\u00f6sung\u00ab.<\/p>\n<p>Leider scheint der Chef des Ausw\u00e4rtigen Amts zu Berlin die <i><a href=\"https:\/\/www.auswaertiges-amt.de\/blob\/203700\/e1fcb65967aab990f1b4265f0c74e3c2\/roadmap-pdf-data.pdf\">Roadmap<\/a><\/i> nicht ganz verstanden zu haben, wenn er tats\u00e4chlich nahelegt, Frieden k\u00f6nne es erst dann geben, wenn neben Israel ein \u00bbpal\u00e4stinensischer\u00ab Staat entstanden und anerkannt ist. Die <i>Roadmap<\/i>, derzeit noch das in Sachen Zwei-Staaten-L\u00f6sung ma\u00dfgebliche Dokument, gibt n\u00e4mlich eine geringf\u00fcgig andere Marschroute vor.<\/p>\n<p>In ihr wird ein \u00bbpal\u00e4stinensischer\u00ab Staat n\u00e4mlich gerade nicht zur Voraussetzung f\u00fcr Frieden zwischen \u00bbPal\u00e4stinensern\u00ab und Israel erkl\u00e4rt, sondern, ganz im Gegenteil, Frieden als die entscheidende Basis genannt, auf deren Grundlage ein weiterer arabischer Staat entstehen k\u00f6nnte. \u00bbEine Zwei-Staaten-Regelung [..] kann nur erreicht werden, wenn Gewalt und Terrorismus ein Ende haben\u00ab.<\/p>\n<p>Zun\u00e4chst also mu\u00df Frieden herrschen, dann, aber eben auch <i>erst<\/i> dann, kann ein \u00bbPal\u00e4stina\u00ab diesen gleichsam kr\u00f6nen, wenn, wie es in der <i>Roadmap<\/i> eigentlich doch recht unzweideutig hei\u00dft, \u00bbdas pal\u00e4stinensische Volk eine F\u00fchrung hat, die entschieden gegen den Terrorismus vorgeht sowie willens und f\u00e4hig ist, eine funktionierende, auf Toleranz und Freiheit gegr\u00fcndete Demokratie aufzubauen\u00ab.<\/p>\n<p>Da\u00df das mit dem derzeitigen Regime in Ramallah, das die <i>Roadmap<\/i> gleichwohl unterzeichnet hat, kaum zu machen ist, liegt auf der Hand. Die Clique um \u00bbPr\u00e4sident\u00ab Abu Mazen ist n\u00e4mlich nicht bereit, sich diesen Anforderungen zu unterwerfen, wie nicht zuletzt, aber vielleicht am deutlichsten ihr immer wieder erneuertes Bekenntnis zu ihren \u00bbM\u00e4rtyrerrenten\u00ab zeigt, Pr\u00e4mien f\u00fcr Terrorismus.<\/p>\n<p>Wollte Au\u00dfenminister Heiko Maas zur Konfliktl\u00f6sung beitragen, ist ihm das mit seinen Ausf\u00fchrungen gr\u00fcndlich mi\u00dflungen. In einer ohnehin gespannten Lage konnten sie vielleicht keinen weiteren Schaden anrichten, die Chance aber, die \u00bbPal\u00e4stinenserf\u00fchrung\u00ab daran zu erinnern, da\u00df der Weg nach \u00bbPal\u00e4stina\u00ab nicht \u00fcber Terrorismus f\u00fchrt, sondern \u00fcber Frieden, hat Heiko Maas vergeben.<\/p>\n","protected":false},"excerpt":{"rendered":"<p>Der deutsche Au\u00dfenminister Heiko Maas hat w\u00e4hrend seiner j\u00fcngsten Visite in Jordanien bekr\u00e4ftigt, \u00bbdass f\u00fcr einen Frieden im Nahen Osten die sogenannte Zwei-Staaten-L\u00f6sung unumg\u00e4nglich ist\u00ab, wie die Deutsche Welle meldet. \u00bbWir sind und wir bleiben\u00ab,versicherte der Sozialdemokrat seinen Gastgebern in Amman, \u00bbuns einig in der Notwendigkeit einer verhandelten Zwei-Staaten-L\u00f6sung\u00ab. Leider scheint der Chef des Ausw\u00e4rtigen [&hellip;]<\/p>\n","protected":false},"author":1,"featured_media":0,"comment_status":"open","ping_status":"open","sticky":false,"template":"","format":"standard","meta":{"footnotes":""},"categories":[2],"tags":[11,49,102,165,192,194,215,361,374,424],"class_list":["post-3913","post","type-post","status-publish","format-standard","hentry","category-allgemein","tag-palaestina","tag-auswaertiges-amt","tag-deutschland","tag-heiko-maas","tag-islamismus","tag-israel","tag-jordanien","tag-spd","tag-terrorismus","tag-zwei-staaten-loesung"],"_links":{"self":[{"href":"https:\/\/www.tw24.net\/index.php?rest_route=\/wp\/v2\/posts\/3913","targetHints":{"allow":["GET"]}}],"collection":[{"href":"https:\/\/www.tw24.net\/index.php?rest_route=\/wp\/v2\/posts"}],"about":[{"href":"https:\/\/www.tw24.net\/index.php?rest_route=\/wp\/v2\/types\/post"}],"author":[{"embeddable":true,"href":"https:\/\/www.tw24.net\/index.php?rest_route=\/wp\/v2\/users\/1"}],"replies":[{"embeddable":true,"href":"https:\/\/www.tw24.net\/index.php?rest_route=%2Fwp%2Fv2%2Fcomments&post=3913"}],"version-history":[{"count":1,"href":"https:\/\/www.tw24.net\/index.php?rest_route=\/wp\/v2\/posts\/3913\/revisions"}],"predecessor-version":[{"id":3914,"href":"https:\/\/www.tw24.net\/index.php?rest_route=\/wp\/v2\/posts\/3913\/revisions\/3914"}],"wp:attachment":[{"href":"https:\/\/www.tw24.net\/index.php?rest_route=%2Fwp%2Fv2%2Fmedia&parent=3913"}],"wp:term":[{"taxonomy":"category","embeddable":true,"href":"https:\/\/www.tw24.net\/index.php?rest_route=%2Fwp%2Fv2%2Fcategories&post=3913"},{"taxonomy":"post_tag","embeddable":true,"href":"https:\/\/www.tw24.net\/index.php?rest_route=%2Fwp%2Fv2%2Ftags&post=3913"}],"curies":[{"name":"wp","href":"https:\/\/api.w.org\/{rel}","templated":true}]}}