{"id":3933,"date":"2019-06-19T11:31:04","date_gmt":"2019-06-19T09:31:04","guid":{"rendered":"https:\/\/www.tw24.net\/?p=3933"},"modified":"2019-06-19T11:31:04","modified_gmt":"2019-06-19T09:31:04","slug":"selbsverschuldete-isolation","status":"publish","type":"post","link":"https:\/\/www.tw24.net\/?p=3933","title":{"rendered":"Selbsverschuldete Isolation"},"content":{"rendered":"<p>In der n\u00e4chsten Woche findet in Bahrain eine von der Regierung in Washington organisierte <a href=\"https:\/\/www.bna.bh\/en\/JointStatementfromtheUnitedStatesofAmericaandtheKingdomofBahrain.aspx?cms=q8FmFJgiscL2fwIzON1+DkLTIb6A23co6KPToRtH2FY=\">Tagung<\/a> statt, in deren Mittelpunkt \u00f6konomische Aspekte einer L\u00f6sung des Konflikts zwischen \u00bbPal\u00e4stinensern\u00ab und Israel stehen sollen. W\u00e4hrend die Tagung vom Regime in Ramallah boykottiert wird, das derzeit jede Friedensinitiative sabotiert, haben viele arabische Staaten ihre Teilnahme fest zugesagt.<\/p>\n<p>Auch wenn sie noch weit davon entfernt sein m\u00f6gen, sich offen von der \u00bbPal\u00e4stinenserf\u00fchrung\u00ab loszusagen, demonstriert ihr Interesse an der Konferenz in Manama doch, wie isoliert die Clique um \u00bbPal\u00e4stinenserpr\u00e4sident\u00ab Abu Mazen selbst in der arabischen Welt ist, die immer weniger bereit scheint, sich von der PLO diktieren zu lassen, wie ihr Verh\u00e4ltnis zu den USA und Israel auszusehen hat.<\/p>\n<p>Sehr zum Schaden der \u00bbPal\u00e4stinenser\u00ab, deren Wohl ihr freilich schon immer gleichg\u00fcltig war, zeigt sich die \u00bbPal\u00e4stinenserf\u00fchrung\u00ab unf\u00e4hig und unwillig, positiv auf den sich abzeichnenden Wandel zu reagieren. W\u00e4hrend in Bahrein dar\u00fcber konferiert wird, wie die Lebensumst\u00e4nde der \u00bbPal\u00e4stinenser\u00ab verbessert werden k\u00f6nnen, ruft deren \u00bbF\u00fchrung\u00ab weltweit zu Proteste just dagegen auf.<\/p>\n<p>Es verwundert daher kaum, <a href=\"https:\/\/af.reuters.com\/article\/worldNews\/idAFKCN1TJ2IJ\">klagt<\/a> unterdessen Azzam Shawwa, der Chef der \u00bbPal\u00e4stinensischen Finanzbeh\u00f6rde\u00ab, \u00fcber ausbleibende Unterst\u00fctzung aus den arabischen Staaten. Die wollen sich nicht l\u00e4nger f\u00fcr \u00bbpal\u00e4stinensische\u00ab Interessen einsetzen, um daf\u00fcr von Ramallah, das sich dabei stets als f\u00fcr das eigene Schicksal nicht verantwortliches Opfer inszeniert, des \u00bbVerrats\u00ab bezichtigt zu werden.<\/p>\n<p>Versprach die Arabische Liga bei ihren letzten Treffen \u00bbPr\u00e4sident\u00ab Abu Mazen in dessen Streit mit Jerusalem um die \u00bbM\u00e4rtyrerrenten\u00ab der PA Unterst\u00fctzung, ist es, wie Azzam Shawwa erkl\u00e4rt, bisher bei dem Versprechen geblieben &#8211; und kein Geld geflossen. Nehmen nun viele arabische Staaten an der Tagung in Manama teil, ist das ihre Art, sich von der \u00bbPal\u00e4stinenserf\u00fchrung\u00ab zu distanzieren.<\/p>\n","protected":false},"excerpt":{"rendered":"<p>In der n\u00e4chsten Woche findet in Bahrain eine von der Regierung in Washington organisierte Tagung statt, in deren Mittelpunkt \u00f6konomische Aspekte einer L\u00f6sung des Konflikts zwischen \u00bbPal\u00e4stinensern\u00ab und Israel stehen sollen. W\u00e4hrend die Tagung vom Regime in Ramallah boykottiert wird, das derzeit jede Friedensinitiative sabotiert, haben viele arabische Staaten ihre Teilnahme fest zugesagt. Auch wenn [&hellip;]<\/p>\n","protected":false},"author":1,"featured_media":0,"comment_status":"open","ping_status":"open","sticky":false,"template":"","format":"standard","meta":{"footnotes":""},"categories":[2],"tags":[11,16,471,303,313],"class_list":["post-3933","post","type-post","status-publish","format-standard","hentry","category-allgemein","tag-palaestina","tag-abu-mazen","tag-bahrain","tag-pa","tag-plo"],"_links":{"self":[{"href":"https:\/\/www.tw24.net\/index.php?rest_route=\/wp\/v2\/posts\/3933","targetHints":{"allow":["GET"]}}],"collection":[{"href":"https:\/\/www.tw24.net\/index.php?rest_route=\/wp\/v2\/posts"}],"about":[{"href":"https:\/\/www.tw24.net\/index.php?rest_route=\/wp\/v2\/types\/post"}],"author":[{"embeddable":true,"href":"https:\/\/www.tw24.net\/index.php?rest_route=\/wp\/v2\/users\/1"}],"replies":[{"embeddable":true,"href":"https:\/\/www.tw24.net\/index.php?rest_route=%2Fwp%2Fv2%2Fcomments&post=3933"}],"version-history":[{"count":2,"href":"https:\/\/www.tw24.net\/index.php?rest_route=\/wp\/v2\/posts\/3933\/revisions"}],"predecessor-version":[{"id":3935,"href":"https:\/\/www.tw24.net\/index.php?rest_route=\/wp\/v2\/posts\/3933\/revisions\/3935"}],"wp:attachment":[{"href":"https:\/\/www.tw24.net\/index.php?rest_route=%2Fwp%2Fv2%2Fmedia&parent=3933"}],"wp:term":[{"taxonomy":"category","embeddable":true,"href":"https:\/\/www.tw24.net\/index.php?rest_route=%2Fwp%2Fv2%2Fcategories&post=3933"},{"taxonomy":"post_tag","embeddable":true,"href":"https:\/\/www.tw24.net\/index.php?rest_route=%2Fwp%2Fv2%2Ftags&post=3933"}],"curies":[{"name":"wp","href":"https:\/\/api.w.org\/{rel}","templated":true}]}}