{"id":3952,"date":"2019-06-23T10:49:27","date_gmt":"2019-06-23T08:49:27","guid":{"rendered":"https:\/\/www.tw24.net\/?p=3952"},"modified":"2019-06-23T10:49:27","modified_gmt":"2019-06-23T08:49:27","slug":"weichenstellung","status":"publish","type":"post","link":"https:\/\/www.tw24.net\/?p=3952","title":{"rendered":"Weichenstellung"},"content":{"rendered":"<p>Kurz vor der am Montag in Bahrain beginnenden internationalen Konferenz \u00fcber die \u00f6konomischen Aspekte einer L\u00f6sung des Konflikts zwischen \u00bbPal\u00e4stinensern\u00ab und Israel hat die Regierung in Washington am Sonnabend detaillierte Vorstellungen dar\u00fcber <a href=\"https:\/\/www.whitehouse.gov\/peacetoprosperity\/\">vorgelegt<\/a>, wie der erstrebte Frieden durch einen Aufschwung der \u00bbpal\u00e4stinensischen\u00ab Wirtschaft gef\u00f6rdert und erreicht werden k\u00f6nnte.<\/p>\n<p>Danach sollen innerhalb von 10 Jahren insgesamt 50 Milliarden Dollar in den Auf- und Ausbau vieler Wirtschaftszweige investiert werden, aber auch in den Kultur- und Wissenschaftsbereich und in die Verwaltung. So soll mit Unterst\u00fctzung der Weltgemeinschaft eine deutlich sp\u00fcrbare und vor allem nachhaltige Steigerung von Wohlstands und Lebensqualit\u00e4t der \u00bbPal\u00e4stinenser\u00ab erzielt werden.<\/p>\n<p>Auch erste politische Fragen werden nicht ausgeklammert, soll <i>\u00bbPeace to Prosperity\u00ab<\/i> doch nur Teil eines umfassenderes Plans f\u00fcr Frieden sein. So ist im Rahmen des vorgesehenen Ausbaus der Infrastruktur schon jetzt die Errichtung einer direkten Verbindung zwischen Gaza und den umstrittenen Gebieten geplant, die \u00fcber Territorium Israels verlaufen und dessen Einbindung erfordern w\u00fcrde.<\/p>\n<p>W\u00e4hrend jedoch wohl niemand bei klarem Verstand leugnen kann, da\u00df all diese Vorhaben von breitem Wohlwollen gegen\u00fcber den \u00bbPal\u00e4stinensern\u00ab gepr\u00e4gt sind &#8211; nach der <a href=\"https:\/\/www.jpost.com\/Israel-News\/Saudi-official-says-Deal-of-Century-leads-to-full-Palestinian-statehood-593306\">Einsch\u00e4tzung<\/a> Saudi-Barbariens f\u00fchren sie direkt zu \u00bbpal\u00e4stinensischer\u00ab Staatlichkeit -, boykottiert die \u00bbPal\u00e4stinenserf\u00fchrung\u00ab die Konferenz in Manama und <a href=\"https:\/\/www.jpost.com\/Israel-News\/Fatah-calls-for-days-of-violence-against-Israel-over-Bahrain-Conference-593360\">ruft<\/a> sogar zu gewaltt\u00e4tigen Ausschreitungen gegen sie auf.<\/p>\n<p>Die Clique um \u00bbPal\u00e4stinenserpr\u00e4sident\u00ab Abu Mazen f\u00fchrt damit einmal mehr vor, da\u00df ihr die Interessen der \u00bbPal\u00e4stinenser\u00ab v\u00f6llig gleichg\u00fcltig sind. In Bahrain geht es um die Zukunft der \u00bbPal\u00e4stinenser\u00ab, doch die werden von ihren selbsternannten \u00bbF\u00fchrern\u00ab dazu angehalten, mit Gewalt gegen ein Ende ihres selbstverschuldeten Elends zu \u00bbprotestieren\u00ab &#8211; gegen Wohlstand und gegen Frieden.<\/p>\n<p>Die \u00bbPal\u00e4stinenser\u00ab k\u00f6nnten in diesen Tagen zeigen, was sie von ihrer angeblichen \u00bbF\u00fchrung\u00ab halten, indem sie deren Gewaltaufrufe ignorieren. So oder so ist jedoch auch die Weltgemeinschaft gefordert, endlich Abu Mazen, seinem PLO-Regime, aber insbesondere auch der Hamas in Gaza endlich zu zeigen, da\u00df sie nicht l\u00e4nger folgenlos jede Bem\u00fchung um Frieden hintertreiben k\u00f6nnen.<\/p>\n","protected":false},"excerpt":{"rendered":"<p>Kurz vor der am Montag in Bahrain beginnenden internationalen Konferenz \u00fcber die \u00f6konomischen Aspekte einer L\u00f6sung des Konflikts zwischen \u00bbPal\u00e4stinensern\u00ab und Israel hat die Regierung in Washington am Sonnabend detaillierte Vorstellungen dar\u00fcber vorgelegt, wie der erstrebte Frieden durch einen Aufschwung der \u00bbpal\u00e4stinensischen\u00ab Wirtschaft gef\u00f6rdert und erreicht werden k\u00f6nnte. Danach sollen innerhalb von 10 Jahren insgesamt [&hellip;]<\/p>\n","protected":false},"author":1,"featured_media":0,"comment_status":"open","ping_status":"open","sticky":false,"template":"","format":"standard","meta":{"footnotes":""},"categories":[2],"tags":[11,471,110,491,492,281,397],"class_list":["post-3952","post","type-post","status-publish","format-standard","hentry","category-allgemein","tag-palaestina","tag-bahrain","tag-donald-j-trump","tag-frieden","tag-jared-kushner","tag-naher-osten","tag-vereinigte-staaten"],"_links":{"self":[{"href":"https:\/\/www.tw24.net\/index.php?rest_route=\/wp\/v2\/posts\/3952","targetHints":{"allow":["GET"]}}],"collection":[{"href":"https:\/\/www.tw24.net\/index.php?rest_route=\/wp\/v2\/posts"}],"about":[{"href":"https:\/\/www.tw24.net\/index.php?rest_route=\/wp\/v2\/types\/post"}],"author":[{"embeddable":true,"href":"https:\/\/www.tw24.net\/index.php?rest_route=\/wp\/v2\/users\/1"}],"replies":[{"embeddable":true,"href":"https:\/\/www.tw24.net\/index.php?rest_route=%2Fwp%2Fv2%2Fcomments&post=3952"}],"version-history":[{"count":1,"href":"https:\/\/www.tw24.net\/index.php?rest_route=\/wp\/v2\/posts\/3952\/revisions"}],"predecessor-version":[{"id":3953,"href":"https:\/\/www.tw24.net\/index.php?rest_route=\/wp\/v2\/posts\/3952\/revisions\/3953"}],"wp:attachment":[{"href":"https:\/\/www.tw24.net\/index.php?rest_route=%2Fwp%2Fv2%2Fmedia&parent=3952"}],"wp:term":[{"taxonomy":"category","embeddable":true,"href":"https:\/\/www.tw24.net\/index.php?rest_route=%2Fwp%2Fv2%2Fcategories&post=3952"},{"taxonomy":"post_tag","embeddable":true,"href":"https:\/\/www.tw24.net\/index.php?rest_route=%2Fwp%2Fv2%2Ftags&post=3952"}],"curies":[{"name":"wp","href":"https:\/\/api.w.org\/{rel}","templated":true}]}}