{"id":3995,"date":"2019-07-08T12:08:56","date_gmt":"2019-07-08T10:08:56","guid":{"rendered":"https:\/\/www.tw24.net\/?p=3995"},"modified":"2019-07-08T12:32:43","modified_gmt":"2019-07-08T10:32:43","slug":"krokodilsgeheul","status":"publish","type":"post","link":"https:\/\/www.tw24.net\/?p=3995","title":{"rendered":"Islamistisch-populistische Querfront: Krokodilsgeheul"},"content":{"rendered":"<p><i>Compact<\/i>, das seltsame \u00bbMagazin f\u00fcr Souver\u00e4nit\u00e4t\u00ab, widmet sich in seiner Juli-Ausgabe auf ganzen drei Seiten einem \u00bbneue[n] Judenhass\u00ab, dem \u00bbimportierten Antisemitismus\u00ab, um schlie\u00dflich zu klagen, \u00bbstatt nun Ross und Reiter zu nennen [..], drucksen weite Teile der Politik herum oder packen, ganz im Sinne des herrschenden Zeitgeistes die Nazikeule aus\u00ab, was keinem Juden helfen w\u00fcrde.<\/p>\n<p>Die Emp\u00f6rung des Magazins aus der ehemaligen SBZ gilt freilich allenfalls scheinbar dem Antisemitismus. Tats\u00e4chlich ist der f\u00fcr das Blatt nur das Vehikel, insbesondere muslimische Migranten zu stigmatisieren und den autochthonen Ha\u00df auf Juden, der sich auch gegen Israel richtet, zu verharmlosen. Eine Instrumentalisierung des Ph\u00e4nomens, wie sie typisch ist f\u00fcr neualtrechten Populismus.<\/p>\n<p>Vor f\u00fcnf Jahren, im September 2014, konnte man auf dem <i>Compact<\/i>-Titel einen grinsenden \u00bbKriegsverbrecher\u00ab Benjamin Netanjahu vor einer blutverschmierten israelischen Fahne sehen, dem die rote Headline einen \u00bbGenozid in Gaza\u00ab vorwarf. Daneben stellte das Titelblatt des Hefts einen Zusammenhang her zwischen dem Tod des Politikers J\u00fcrgen W. M\u00f6llemann und dessen \u00bbIsraelkritik\u00ab.<\/p>\n<p>Im Heft durfte man dann ein Gespr\u00e4ch mit Abdallah Frangi lesen, seit Juli 2014 \u00bbGouverneur\u00ab des Regimes in Ramallah f\u00fcr Gaza, der \u00fcber die damals kurz zur\u00fcckliegenden Auseinandersetzungen zwischen Israel und der Hamas (<i>Operation Protective Edge<\/i>) unwidersprochen behauptete, sie seien \u00bbvon israelischer Seite schon lange geplant\u00ab gewesen, die \u00bbnur auf einen Anlass gewartet\u00ab habe.<\/p>\n<p>Dem Gespr\u00e4ch mit dem Vertrauten Abu Mazens, das drei Seiten f\u00fcllte, folgte unter der \u00dcberschrift \u00bbDer Kriegsverbrecher\u00ab eine Flei\u00dfarbeit \u00fcber Benjamin Netanjahu, der sich als ein \u00bbKind des Zionismus\u00ab die \u00bbwillenlose Unterwerfung der Pal\u00e4stinenser\u00ab zum Ziel gesetzt habe und einen \u00bbKrieg gegen den Iran\u00ab anstrebe, den nur \u00bbdie kriegsm\u00fcden USA\u00ab gerade noch h\u00e4tten verhindern k\u00f6nnen.<\/p>\n<p>Und dann fragte Yavuz \u00d6zoguz unter dem Titel \u00bbAntisemitismus als Waffe\u00ab die Leser: \u00bbWas kann der Grund daf\u00fcr sein, dass einerseits die Verbrechen einer faschistischen Elite in Israel derart massiv und grausam unaufh\u00f6rlich fortgesetzt werden, und sich gleichzeitig die gesamte Elite Europas und der USA hinter die Verbrechen stellt?\u00ab Yavuz \u00d6zoguz hat das Portal \u00bbMuslim-Markt\u00ab gegr\u00fcndet.<\/p>\n<p>2012 hatte der acht Jahre zuvor wegen Volksverhetzung verurteilte islamistische Autor, der f\u00fcr seine N\u00e4he zum Regime der Islamistischen Republik Iran ber\u00fcchtigt ist, einen Freundschaftsbesuch in Teheran organisiert, an dem auch J\u00fcrgen Els\u00e4sser gern teilnahm, der Chef von <i>Compact<\/i>. Jenes Magazins, das heute Antisemitimus auf vom Mullah-Regime unterst\u00fctzten Al-Quds-M\u00e4rschen und unter Muslimen beklagt.<\/p>\n","protected":false},"excerpt":{"rendered":"<p>Compact, das seltsame \u00bbMagazin f\u00fcr Souver\u00e4nit\u00e4t\u00ab, widmet sich in seiner Juli-Ausgabe auf ganzen drei Seiten einem \u00bbneue[n] Judenhass\u00ab, dem \u00bbimportierten Antisemitismus\u00ab, um schlie\u00dflich zu klagen, \u00bbstatt nun Ross und Reiter zu nennen [..], drucksen weite Teile der Politik herum oder packen, ganz im Sinne des herrschenden Zeitgeistes die Nazikeule aus\u00ab, was keinem Juden helfen w\u00fcrde. [&hellip;]<\/p>\n","protected":false},"author":1,"featured_media":0,"comment_status":"open","ping_status":"open","sticky":false,"template":"","format":"standard","meta":{"footnotes":""},"categories":[2],"tags":[63,502,148,192,194,503,316,504],"class_list":["post-3995","post","type-post","status-publish","format-standard","hentry","category-allgemein","tag-benjamin-netanjahu","tag-compact","tag-gaza","tag-islamismus","tag-israel","tag-juergen-elsaesser","tag-populismus","tag-yavuz-oezoguz"],"_links":{"self":[{"href":"https:\/\/www.tw24.net\/index.php?rest_route=\/wp\/v2\/posts\/3995","targetHints":{"allow":["GET"]}}],"collection":[{"href":"https:\/\/www.tw24.net\/index.php?rest_route=\/wp\/v2\/posts"}],"about":[{"href":"https:\/\/www.tw24.net\/index.php?rest_route=\/wp\/v2\/types\/post"}],"author":[{"embeddable":true,"href":"https:\/\/www.tw24.net\/index.php?rest_route=\/wp\/v2\/users\/1"}],"replies":[{"embeddable":true,"href":"https:\/\/www.tw24.net\/index.php?rest_route=%2Fwp%2Fv2%2Fcomments&post=3995"}],"version-history":[{"count":4,"href":"https:\/\/www.tw24.net\/index.php?rest_route=\/wp\/v2\/posts\/3995\/revisions"}],"predecessor-version":[{"id":3999,"href":"https:\/\/www.tw24.net\/index.php?rest_route=\/wp\/v2\/posts\/3995\/revisions\/3999"}],"wp:attachment":[{"href":"https:\/\/www.tw24.net\/index.php?rest_route=%2Fwp%2Fv2%2Fmedia&parent=3995"}],"wp:term":[{"taxonomy":"category","embeddable":true,"href":"https:\/\/www.tw24.net\/index.php?rest_route=%2Fwp%2Fv2%2Fcategories&post=3995"},{"taxonomy":"post_tag","embeddable":true,"href":"https:\/\/www.tw24.net\/index.php?rest_route=%2Fwp%2Fv2%2Ftags&post=3995"}],"curies":[{"name":"wp","href":"https:\/\/api.w.org\/{rel}","templated":true}]}}