{"id":4012,"date":"2019-07-14T10:53:59","date_gmt":"2019-07-14T08:53:59","guid":{"rendered":"https:\/\/www.tw24.net\/?p=4012"},"modified":"2019-07-14T10:53:59","modified_gmt":"2019-07-14T08:53:59","slug":"verantwortungsloses-versprechen","status":"publish","type":"post","link":"https:\/\/www.tw24.net\/?p=4012","title":{"rendered":"Verantwortungsloses Versprechen"},"content":{"rendered":"<p>W\u00e4hrend die <i>Roadmap<\/i> als <i>der<\/i> international akzeptierte Plan f\u00fcr eine Beilegung des Konflikts zwischen \u00bbPal\u00e4stinensern\u00ab und Israel die Gr\u00fcndung eines \u00bbpal\u00e4stinensischen\u00ab Staates als Abschlu\u00df eines erfolgreichen Friedensprozesses vorsieht, gibt es leider immer wieder Staaten, deren Regierungen den zweiten vor dem ersten Schritt machen, die Anerkennung \u00bbPal\u00e4stinas\u00ab vorziehen wollen.<\/p>\n<p>Zuletzt machte der slowenische Au\u00dfenminister Miro Cerar bei einer Visite Riyad Malkis in der slowenischen Hauptstadt Ljubljana in dieser Woche entsprechende Hoffnungen. Wie der \u00bbAu\u00dfenministers\u00ab des PLO-Regimes in Ramallah nach dem Treffen erkl\u00e4rte, geh\u00f6re Slowenien zu einer \u00bbkleinen Gruppe\u00ab von EU-Staaten, die \u00bbPal\u00e4stina\u00ab auch ohne Einigung mit Israel anerkennen wollen.<\/p>\n<p>Und h\u00e4tte vor etwas mehr als einem Jahr die damalige Regierung in Ljubljana die im Parlament f\u00fcr einen solchen Schritt notwendige Unterst\u00fctzung nicht kurzfristig <a href=\"https:\/\/www.timesofisrael.com\/slovenias-expected-recognition-of-palestine-frozen-indefinitely\/\">verloren<\/a>, h\u00e4tten Slowenien und \u00bbPal\u00e4stina\u00ab wom\u00f6glich schon heute richtige Botschaften in der jeweils anderen Hauptstadt. Bem\u00fchungen, \u00bbPal\u00e4stina\u00ab anzuerkennen, gibt es in dem zentraleurop\u00e4ischen Staat doch schon seit 2014.<\/p>\n<p>Kritiker einer solchen Entscheidung m\u00fcssen derweil mit Todesdrohungen angeblich \u00bbpropal\u00e4stinensischer\u00ab Aktivisten leben, die von Sicherheitskr\u00e4ften als \u00bbernsthaft\u00ab eingestuft wurden. Dabei sind durchaus sie es, die die besseren Argumente auf ihrer Seite haben und nicht zuletzt die <i>Roadmap<\/i>, der sich die Europ\u00e4ische Union zumindest in offiziellen Stellungnahmen noch verpflichtet f\u00fchlt.<\/p>\n<p>Eine internationale Anerkennung \u00bbPal\u00e4stinas\u00ab ohne vorherige einvernehmliche Einigung der Konfliktparteien etwa \u00fcber dessen Grenzen und den zuk\u00fcnftigen Status der \u00bbPal\u00e4stina-Fl\u00fcchtlinge\u00ab w\u00fcrde n\u00e4mlich keineswegs sofort Frieden bringen, sondern die ja in der Tat bestehenden Konflikte zu zwischenstaatlichen versch\u00e4rfen und kriegerische Auseinandersetzungen wahrscheinlicher machen.<\/p>\n<p>Genau deshalb verlangt die <i>Roadmap<\/i> ja zun\u00e4chst die Kl\u00e4rung der wichtigsten Konflikte auf friedlichem Weg und bietet erst dann die Anerkennung eines unabh\u00e4ngigen demokratischen Staates \u00bbPal\u00e4stina\u00ab. Frieden ist die Voraussetzung \u00bbpal\u00e4stinensischer\u00ab Staatlichkeit, nicht \u00bbPal\u00e4stina\u00ab die f\u00fcr Friedensgespr\u00e4che. Es ist bedauerlich, da\u00df Ljubljana selbst den europ\u00e4ischen Konsens nicht w\u00fcrdigt.<\/p>\n","protected":false},"excerpt":{"rendered":"<p>W\u00e4hrend die Roadmap als der international akzeptierte Plan f\u00fcr eine Beilegung des Konflikts zwischen \u00bbPal\u00e4stinensern\u00ab und Israel die Gr\u00fcndung eines \u00bbpal\u00e4stinensischen\u00ab Staates als Abschlu\u00df eines erfolgreichen Friedensprozesses vorsieht, gibt es leider immer wieder Staaten, deren Regierungen den zweiten vor dem ersten Schritt machen, die Anerkennung \u00bbPal\u00e4stinas\u00ab vorziehen wollen. Zuletzt machte der slowenische Au\u00dfenminister Miro Cerar [&hellip;]<\/p>\n","protected":false},"author":1,"featured_media":0,"comment_status":"open","ping_status":"open","sticky":false,"template":"","format":"standard","meta":{"footnotes":""},"categories":[2],"tags":[11,38,42,124,147,313,506,374,424],"class_list":["post-4012","post","type-post","status-publish","format-standard","hentry","category-allgemein","tag-palaestina","tag-antisemitismus","tag-appeasement","tag-europaeische-union","tag-friedensprozess","tag-plo","tag-slowenien","tag-terrorismus","tag-zwei-staaten-loesung"],"_links":{"self":[{"href":"https:\/\/www.tw24.net\/index.php?rest_route=\/wp\/v2\/posts\/4012","targetHints":{"allow":["GET"]}}],"collection":[{"href":"https:\/\/www.tw24.net\/index.php?rest_route=\/wp\/v2\/posts"}],"about":[{"href":"https:\/\/www.tw24.net\/index.php?rest_route=\/wp\/v2\/types\/post"}],"author":[{"embeddable":true,"href":"https:\/\/www.tw24.net\/index.php?rest_route=\/wp\/v2\/users\/1"}],"replies":[{"embeddable":true,"href":"https:\/\/www.tw24.net\/index.php?rest_route=%2Fwp%2Fv2%2Fcomments&post=4012"}],"version-history":[{"count":1,"href":"https:\/\/www.tw24.net\/index.php?rest_route=\/wp\/v2\/posts\/4012\/revisions"}],"predecessor-version":[{"id":4013,"href":"https:\/\/www.tw24.net\/index.php?rest_route=\/wp\/v2\/posts\/4012\/revisions\/4013"}],"wp:attachment":[{"href":"https:\/\/www.tw24.net\/index.php?rest_route=%2Fwp%2Fv2%2Fmedia&parent=4012"}],"wp:term":[{"taxonomy":"category","embeddable":true,"href":"https:\/\/www.tw24.net\/index.php?rest_route=%2Fwp%2Fv2%2Fcategories&post=4012"},{"taxonomy":"post_tag","embeddable":true,"href":"https:\/\/www.tw24.net\/index.php?rest_route=%2Fwp%2Fv2%2Ftags&post=4012"}],"curies":[{"name":"wp","href":"https:\/\/api.w.org\/{rel}","templated":true}]}}