{"id":4027,"date":"2019-07-19T06:06:31","date_gmt":"2019-07-19T04:06:31","guid":{"rendered":"https:\/\/www.tw24.net\/?p=4027"},"modified":"2021-02-14T10:16:36","modified_gmt":"2021-02-14T08:16:36","slug":"ministerium-fuer-wahrheit","status":"publish","type":"post","link":"https:\/\/www.tw24.net\/?p=4027","title":{"rendered":"Ministerium f\u00fcr Wahrheit"},"content":{"rendered":"<p>Es ist ein Armutszeugnis f\u00fcr die deutsche Medienbranche, da\u00df ausgerechnet das Krawallblatt <i>BILD<\/i> am Donnerstag einmal mehr unter der \u00dcberschrift \u00bbAntisemitismus-Skandal um deutschen Top-Diplomaten\u00ab enth\u00fcllen konnte, da\u00df inzwischen kaum mehr zu z\u00e4hlende Bekenntnisse deutscher Politiker zum Kampf gegen Antisemitismus wenig mehr sind als wohlklingende Lippenbekenntnisse.<\/p>\n<p>Wie <i>BILD<\/i> also nun berichtet, hat Christian Clages, der deutsche Repr\u00e4sentant in Ramallah, bei <i>Twitter<\/i> \u00bbzahlreiche Tweets mit einem \u203aGef\u00e4llt mir\u2039-Herz versehen, die israelfeindliche und antisemitische Propaganda verbreiten\u00ab. Und weil das dem wohl v\u00f6llig \u00fcberraschten Au\u00dfw\u00e4rtigen Amt recht peinlich war, hat es die \u00bbinakzeptablen\u00ab Beifallsbekundungen seines Diplomaten prompt gel\u00f6scht.<\/p>\n<p>Dieses bem\u00fchte Beseitigen von Spuren ist peinlich. W\u00e4re es nicht ehrlicher, es w\u00fcrden all die Erkl\u00e4rungen Heiko Maas\u2019 entfernt, mit denen der deutsche Au\u00dfenminister sich als Vork\u00e4mpfer gegen Antisemitismus inszeniert? Denn ganz offensichtlich kann oder will er nicht einmal im eigenen Haus f\u00fcr Zur\u00fcckhaltung sorgen, zumal ja kaum \u00fcberraschen kann, was <i>BILD<\/i> nun nur \u00f6ffentlich machte.<\/p>\n<p>Denn Christian Clages\u2019 Verhalten ist l\u00e4ngst nicht nur im Internet \u00fcberaus fragw\u00fcrdig: Ganz real beispielsweise stattete er dem B\u00fcro der \u00bbpal\u00e4stinensischen\u00ab Agentur <i>Wafa<\/i> einen Solidarit\u00e4tsbesuch ab, nachdem B\u00fcros dieses Sprachrohrs der \u00bbPal\u00e4stinenserf\u00fchrung\u00ab von israelischen Soldaten nach Hinweisen auf gesuchte Terroristen durchsucht worden waren, und forderte klagend \u00bbPressefreiheit\u00ab.<\/p>\n<p>Oder Christian Clages\u2019 Besuch bei dem Aktivisten Issa Amro in Hebron: Der \u00bbPal\u00e4stinenser\u00ab, ein begeisterter Anh\u00e4nger der antisemitischen BDS-Bewegung, hat es sich zur Aufgabe gemacht, Israel, dessen Mehrheitsbev\u00f6lkerung und ihre Regierung tagt\u00e4glich zu verleumden, zu d\u00e4monisieren und zu beschimpfen. Christian Clages bewarb diesen Issa Amro als eine \u00bbempfehlenswerte Quelle\u00ab.<\/p>\n<p>Zeigt sich das deutsche Au\u00dfenministerium jetzt \u00bb\u00fcberrascht\u00ab, verr\u00e4t das nur, wie selbstverst\u00e4ndlich dort antiisraelische und antisemitische Haltungen sind. Sie fallen dem und im Apparat gar nicht auf, weil sie so \u00bbnormal\u00ab sind. Erst der kritische Blick von au\u00dfen sorgt, wenn \u00fcberhaupt, f\u00fcr etwas Aufregung. Zeugnisse dieses Versagens sollten erhalten werden, nicht geschichtsklitternd gel\u00f6scht.<\/p>\n","protected":false},"excerpt":{"rendered":"<p>Es ist ein Armutszeugnis f\u00fcr die deutsche Medienbranche, da\u00df ausgerechnet das Krawallblatt BILD am Donnerstag einmal mehr unter der \u00dcberschrift \u00bbAntisemitismus-Skandal um deutschen Top-Diplomaten\u00ab enth\u00fcllen konnte, da\u00df inzwischen kaum mehr zu z\u00e4hlende Bekenntnisse deutscher Politiker zum Kampf gegen Antisemitismus wenig mehr sind als wohlklingende Lippenbekenntnisse. Wie BILD also nun berichtet, hat Christian Clages, der deutsche [&hellip;]<\/p>\n","protected":false},"author":1,"featured_media":0,"comment_status":"open","ping_status":"open","sticky":false,"template":"","format":"standard","meta":{"footnotes":""},"categories":[2],"tags":[38,49,84,102,165],"class_list":["post-4027","post","type-post","status-publish","format-standard","hentry","category-allgemein","tag-antisemitismus","tag-auswaertiges-amt","tag-christian-clages","tag-deutschland","tag-heiko-maas"],"_links":{"self":[{"href":"https:\/\/www.tw24.net\/index.php?rest_route=\/wp\/v2\/posts\/4027","targetHints":{"allow":["GET"]}}],"collection":[{"href":"https:\/\/www.tw24.net\/index.php?rest_route=\/wp\/v2\/posts"}],"about":[{"href":"https:\/\/www.tw24.net\/index.php?rest_route=\/wp\/v2\/types\/post"}],"author":[{"embeddable":true,"href":"https:\/\/www.tw24.net\/index.php?rest_route=\/wp\/v2\/users\/1"}],"replies":[{"embeddable":true,"href":"https:\/\/www.tw24.net\/index.php?rest_route=%2Fwp%2Fv2%2Fcomments&post=4027"}],"version-history":[{"count":2,"href":"https:\/\/www.tw24.net\/index.php?rest_route=\/wp\/v2\/posts\/4027\/revisions"}],"predecessor-version":[{"id":5377,"href":"https:\/\/www.tw24.net\/index.php?rest_route=\/wp\/v2\/posts\/4027\/revisions\/5377"}],"wp:attachment":[{"href":"https:\/\/www.tw24.net\/index.php?rest_route=%2Fwp%2Fv2%2Fmedia&parent=4027"}],"wp:term":[{"taxonomy":"category","embeddable":true,"href":"https:\/\/www.tw24.net\/index.php?rest_route=%2Fwp%2Fv2%2Fcategories&post=4027"},{"taxonomy":"post_tag","embeddable":true,"href":"https:\/\/www.tw24.net\/index.php?rest_route=%2Fwp%2Fv2%2Ftags&post=4027"}],"curies":[{"name":"wp","href":"https:\/\/api.w.org\/{rel}","templated":true}]}}