{"id":4029,"date":"2019-07-20T12:10:11","date_gmt":"2019-07-20T10:10:11","guid":{"rendered":"https:\/\/www.tw24.net\/?p=4029"},"modified":"2019-07-20T12:37:08","modified_gmt":"2019-07-20T10:37:08","slug":"mangelerscheinung","status":"publish","type":"post","link":"https:\/\/www.tw24.net\/?p=4029","title":{"rendered":"Mangelerscheinungen"},"content":{"rendered":"<p>Die deutsche Kanzlerin Angela Merkel hat sich w\u00e4hrend ihrer Sommer-Pressekonferenz am Freitag mit deutlichen Worten von weithin als rassistisch kritisierten \u00c4u\u00dferungen des amerikanischen Pr\u00e4sidenten distanziert und trat damit Donald J. Trump, wie die <i>tagesschau<\/i> <a href=\"https:\/\/www.tagesschau.de\/inland\/merkel-pk-sommerpause-korr-pepping-101.html\">formuliert<\/a>, \u00bbungewohnt undiplomatisch [..] kr\u00e4ftig vor das Schienbein\u00ab. Das indes war in dieser Sache &#8211; leider &#8211; noch nicht alles.<\/p>\n<p>Dem verbalen Tritt vor das Schienbein des US-Pr\u00e4sidenten folgte n\u00e4mlich noch Angela Merkels Erkl\u00e4rung, sie \u00bbf\u00fchle\u00ab sich \u00bbsolidarisch mit den drei [sic!] attackierten Frauen\u00ab. Ist das eine durchaus nachvollziehbar, gilt dies f\u00fcr das andere, die durch keine weitere Bemerkung eingeschr\u00e4nkte Solidarit\u00e4tsbekundung, nicht, denn die gilt in dieser Form auch wiederholten antisemitischen \u00c4u\u00dferungen.<\/p>\n<p>Ilhan Omar und Rashida Tlaib sind begeisterte Anh\u00e4nger- und Verteidigerinnen der weltweiten antisemitischen BDS-Bewegung, aber auch Alexandria Ocasio-Cortez ist bekannt f\u00fcr ein nicht unproblematisches Verh\u00e4ltnis zu Israel, dem sie schon mal \u00bbMassaker\u00ab an \u00bbPal\u00e4stinensern\u00ab an der Grenze zu Gaza vorwirft, nur um gleichzeitig zu betonen, keine Expertin zu sein f\u00fcr geopolitische Fragen.<\/p>\n<p>Deshalb ist es nicht falsch, den aggressiven und rassistischen Tonfall des US-Pr\u00e4sidenten zu kritisieren &#8211; der vom eigentlichen Problem ablenkt. Doch f\u00fcr solidarische Gef\u00fchle gegen\u00fcber Politikerinnen, deren antisemitische Ausf\u00e4lle ja ebenfalls nicht von Differenzierungsverm\u00f6gen k\u00fcnden, gibt es keinen Anla\u00df. Angela Merkels Sympathieerkl\u00e4rung ist ein Zeichen mangelnden Problembewu\u00dftseins.<\/p>\n","protected":false},"excerpt":{"rendered":"<p>Die deutsche Kanzlerin Angela Merkel hat sich w\u00e4hrend ihrer Sommer-Pressekonferenz am Freitag mit deutlichen Worten von weithin als rassistisch kritisierten \u00c4u\u00dferungen des amerikanischen Pr\u00e4sidenten distanziert und trat damit Donald J. Trump, wie die tagesschau formuliert, \u00bbungewohnt undiplomatisch [..] kr\u00e4ftig vor das Schienbein\u00ab. Das indes war in dieser Sache &#8211; leider &#8211; noch nicht alles. Dem [&hellip;]<\/p>\n","protected":false},"author":1,"featured_media":0,"comment_status":"open","ping_status":"open","sticky":false,"template":"","format":"standard","meta":{"footnotes":""},"categories":[2],"tags":[35,38,61,79,102,110,327],"class_list":["post-4029","post","type-post","status-publish","format-standard","hentry","category-allgemein","tag-angela-merkel","tag-antisemitismus","tag-bds","tag-cdu","tag-deutschland","tag-donald-j-trump","tag-rassismus"],"_links":{"self":[{"href":"https:\/\/www.tw24.net\/index.php?rest_route=\/wp\/v2\/posts\/4029","targetHints":{"allow":["GET"]}}],"collection":[{"href":"https:\/\/www.tw24.net\/index.php?rest_route=\/wp\/v2\/posts"}],"about":[{"href":"https:\/\/www.tw24.net\/index.php?rest_route=\/wp\/v2\/types\/post"}],"author":[{"embeddable":true,"href":"https:\/\/www.tw24.net\/index.php?rest_route=\/wp\/v2\/users\/1"}],"replies":[{"embeddable":true,"href":"https:\/\/www.tw24.net\/index.php?rest_route=%2Fwp%2Fv2%2Fcomments&post=4029"}],"version-history":[{"count":2,"href":"https:\/\/www.tw24.net\/index.php?rest_route=\/wp\/v2\/posts\/4029\/revisions"}],"predecessor-version":[{"id":4031,"href":"https:\/\/www.tw24.net\/index.php?rest_route=\/wp\/v2\/posts\/4029\/revisions\/4031"}],"wp:attachment":[{"href":"https:\/\/www.tw24.net\/index.php?rest_route=%2Fwp%2Fv2%2Fmedia&parent=4029"}],"wp:term":[{"taxonomy":"category","embeddable":true,"href":"https:\/\/www.tw24.net\/index.php?rest_route=%2Fwp%2Fv2%2Fcategories&post=4029"},{"taxonomy":"post_tag","embeddable":true,"href":"https:\/\/www.tw24.net\/index.php?rest_route=%2Fwp%2Fv2%2Ftags&post=4029"}],"curies":[{"name":"wp","href":"https:\/\/api.w.org\/{rel}","templated":true}]}}