{"id":4062,"date":"2019-07-31T14:21:14","date_gmt":"2019-07-31T12:21:14","guid":{"rendered":"https:\/\/www.tw24.net\/?p=4062"},"modified":"2019-07-31T14:21:14","modified_gmt":"2019-07-31T12:21:14","slug":"inszenierung","status":"publish","type":"post","link":"https:\/\/www.tw24.net\/?p=4062","title":{"rendered":"Inszenierung"},"content":{"rendered":"<p>Das von der PLO gestellte Regime in Ramallah schreckt in seinem andauernden Krieg gegen Israel vor keiner L\u00fcge zur\u00fcck, vor keiner niedertr\u00e4chtigen Verleumdung. Besonders gern beklagt die \u00bbpal\u00e4stinensische\u00ab Propaganda krokodilstr\u00e4nenreich das Schicksal von Kindern, die angeblich Opfer Israels werden, der \u00bbPal\u00e4stinenserf\u00fchrung\u00ab aber tats\u00e4chlich nichts sind als billiges Kanonenfutter.<\/p>\n<p>Neuester \u00bbStar\u00ab der skrupellosen Clique um \u00bbPal\u00e4stinenserpr\u00e4sident\u00ab Abu Mazen ist ein vierj\u00e4hriger Steinewerfer, der, so die <a href=\"http:\/\/english.wafa.ps\/page.aspx?id=yd7jiNa111106693467ayd7jiN\">Behauptung<\/a> Ramallahs, von israelischen Sicherheitskr\u00e4ften zu einem Verh\u00f6r vorgeladen worden sein soll. Und weil die Weltgemeinschaft diese angebliche Vorladung nicht prompt verurteilte, sitzt sie nun wegen ihres <a href=\"http:\/\/english.wafa.ps\/page.aspx?id=p6JOUCa111109548726ap6JOUC\">\u00bbSchweigens\u00ab<\/a> neben Israel auf der Anklagebank.<\/p>\n<p>Die Welt mache sich durch ihre Passivit\u00e4t, beschwert sich das \u00bbAmt f\u00fcr zivilgesellschaftliches Engagement und Menschenrechte\u00ab der terroristischen PLO in einer Stellungnahme, zur Komplizin \u00bbdes israelischen Besatzungsterrors\u00ab, indem sie den \u00bbPal\u00e4stinensern\u00ab den ihnen zustehenden Schutz vor den \u00bbVerbrechen Israels\u00ab verweigere. Allerdings ist dieses \u00bbVerbrechen\u00ab dreiste Erfindung.<\/p>\n<p>In der Tat wurde &#8211; selbstverst\u00e4ndlich &#8211; nicht der vier Jahre alte Steinewerfer von israelischen Polizisten zu einer Befragung einbestellt, sondern dessen Vater, wie Aufnahmen der Vorladung belegen. Der Vater allerdings nahm &#8211; wohl durchaus mit einiger Absicht &#8211; sein Kind mit zu der Befragung, bei der der Vater dar\u00fcber informiert wurde, da\u00df er f\u00fcr das Verhalten seines Sohnes verantwortlich sei.<\/p>\n<p>Wenn es dabei ein Verbrechen gab, dann bestand es darin, da\u00df Vater und Sohn von arabischen Bewohnern Jerusalems auf ihrem Weg gefeiert, das Kind f\u00fcr seine Steinw\u00fcrfe auf Menschen bejubelt und mit S\u00fc\u00dfigkeiten beschenkt und so best\u00e4rkt wurde, richtig gehandelt zu haben. Mit ihrer Emp\u00f6rung dar\u00fcber, da\u00df die Welt sich nicht mit dem Kind solidarisiere, verr\u00e4t auch die PLO, wo sie steht.<\/p>\n<p>Gleichwohl ist der Weltgemeinschaft, dem Sicherheitsrat der Vereinten Nationen etwa, an den sich ja auch die PLO wendet, ihr Schweigen vorzuhalten. Denn nat\u00fcrlich w\u00e4re es angebracht, auch und gerade diesen Propaganda-Stunt aus Pallywood, diesen neuerlichen \u00f6ffentlichen Mi\u00dfbrauch eines Kindes, mit einer deutlichen Verurteilung und \u00c4chtung der daf\u00fcr Verantwortlichen zu beantworten.<\/p>\n","protected":false},"excerpt":{"rendered":"<p>Das von der PLO gestellte Regime in Ramallah schreckt in seinem andauernden Krieg gegen Israel vor keiner L\u00fcge zur\u00fcck, vor keiner niedertr\u00e4chtigen Verleumdung. Besonders gern beklagt die \u00bbpal\u00e4stinensische\u00ab Propaganda krokodilstr\u00e4nenreich das Schicksal von Kindern, die angeblich Opfer Israels werden, der \u00bbPal\u00e4stinenserf\u00fchrung\u00ab aber tats\u00e4chlich nichts sind als billiges Kanonenfutter. Neuester \u00bbStar\u00ab der skrupellosen Clique um \u00bbPal\u00e4stinenserpr\u00e4sident\u00ab [&hellip;]<\/p>\n","protected":false},"author":1,"featured_media":0,"comment_status":"open","ping_status":"open","sticky":false,"template":"","format":"standard","meta":{"footnotes":""},"categories":[2],"tags":[38,303,305,313,320,374],"class_list":["post-4062","post","type-post","status-publish","format-standard","hentry","category-allgemein","tag-antisemitismus","tag-pa","tag-pallywood","tag-plo","tag-propaganda","tag-terrorismus"],"_links":{"self":[{"href":"https:\/\/www.tw24.net\/index.php?rest_route=\/wp\/v2\/posts\/4062","targetHints":{"allow":["GET"]}}],"collection":[{"href":"https:\/\/www.tw24.net\/index.php?rest_route=\/wp\/v2\/posts"}],"about":[{"href":"https:\/\/www.tw24.net\/index.php?rest_route=\/wp\/v2\/types\/post"}],"author":[{"embeddable":true,"href":"https:\/\/www.tw24.net\/index.php?rest_route=\/wp\/v2\/users\/1"}],"replies":[{"embeddable":true,"href":"https:\/\/www.tw24.net\/index.php?rest_route=%2Fwp%2Fv2%2Fcomments&post=4062"}],"version-history":[{"count":1,"href":"https:\/\/www.tw24.net\/index.php?rest_route=\/wp\/v2\/posts\/4062\/revisions"}],"predecessor-version":[{"id":4063,"href":"https:\/\/www.tw24.net\/index.php?rest_route=\/wp\/v2\/posts\/4062\/revisions\/4063"}],"wp:attachment":[{"href":"https:\/\/www.tw24.net\/index.php?rest_route=%2Fwp%2Fv2%2Fmedia&parent=4062"}],"wp:term":[{"taxonomy":"category","embeddable":true,"href":"https:\/\/www.tw24.net\/index.php?rest_route=%2Fwp%2Fv2%2Fcategories&post=4062"},{"taxonomy":"post_tag","embeddable":true,"href":"https:\/\/www.tw24.net\/index.php?rest_route=%2Fwp%2Fv2%2Ftags&post=4062"}],"curies":[{"name":"wp","href":"https:\/\/api.w.org\/{rel}","templated":true}]}}