{"id":4117,"date":"2019-08-24T11:16:42","date_gmt":"2019-08-24T09:16:42","guid":{"rendered":"https:\/\/www.tw24.net\/?p=4117"},"modified":"2019-08-24T11:16:42","modified_gmt":"2019-08-24T09:16:42","slug":"aufrichtige-heuchler","status":"publish","type":"post","link":"https:\/\/www.tw24.net\/?p=4117","title":{"rendered":"Aufrichtige Heuchler"},"content":{"rendered":"<p>Nur wenige Tage nachdem \u00bbPal\u00e4stinenserpr\u00e4sident\u00ab Abu Mazen \u00bbMillionen von K\u00e4mpfern\u00ab zur Eroberung Jerusalems <a href=\"https:\/\/www.audiatur-online.ch\/2019\/08\/22\/pa-praesident-abbas-wir-werden-jerusalem-mit-millionen-von-kaempfern-betreten\/\">aufrief<\/a>, ermordeten am Freitag \u00bbpal\u00e4stinensische\u00ab Terroristen bei einem Anschlag in der N\u00e4he der Ortschaft Dolev mit einem Sprengsatz ein 17 Jahre altes M\u00e4dchen. Bei dem Angriff aus einem fahrenden Auto heraus wurden der Vater der jungen Frau und ihr Bruder verletzt.<\/p>\n<p>Noch am gleichen Tag kommentierte ein Sprecher des Ausw\u00e4rtigen Amts in Berlin die von der Hamas und dem mit ihr verb\u00fcndeten <i>Islamic Jihad<\/i> gefeierte Bluttat in einem <i><a href=\"https:\/\/www.auswaertiges-amt.de\/de\/newsroom\/auswaertiges-amt-lage-im-nahen-osten\/2240912\">Statement<\/a><\/i> unter dem Titel \u00bbZur Lage im Nahen Osten\u00ab. Der Anschlag, hei\u00dft es darin, mache \u00bbuns tief betroffen\u00ab, \u00bbaufrichtige Anteilnahme\u00ab gelte \u00bbder Familie\u00ab, den \u00dcberlebenden wird \u00bbeine rasche Genesung\u00ab gew\u00fcnscht.<\/p>\n<p>Dann jedoch zeigen Heiko Maas\u2019 Diplomaten, da\u00df sie sind, wer sie sind, indem sie erkl\u00e4ren, \u00bbdie Bundesregierung setzt sich daf\u00fcr ein, dass die Spirale aus Gewalt und Hass \u00fcberwunden wird\u00ab, und f\u00fcr eine \u00bbZwei-Staaten-L\u00f6sung, die allen Israelis und Pal\u00e4stinensern ein Leben in Frieden und Sicherheit erm\u00f6glicht\u00ab, werben, statt sich deutlich von den Terroristen und ihrer Tat zu distanzieren.<\/p>\n<p>Verkl\u00e4rt Berlin den Anschlag zu einem Teil einer \u00bbSpirale der Gewalt\u00ab, ist das freilich keine offene Billigung, dennoch wird damit subtil der \u00bbpal\u00e4stinensische\u00ab Terror gerechtfertigt, als eine Reaktion dargestellt, f\u00fcr die es Gr\u00fcnde gibt. So werden letztlich auch die Opfer des Anschlags mitverantwortlich f\u00fcr das gemacht, was ihnen angetan wurde. Die \u00bbaufrichtige Anteilnahme\u00ab Berlins ist keine.<\/p>\n<p>Vermeidet das Ausw\u00e4rtige Amt hier eine unzweideutige Verurteilung des \u00bbpal\u00e4stinensischen\u00ab Terrors, <a href=\"https:\/\/www.auswaertiges-amt.de\/de\/newsroom\/siedlungsbau-westjordanland\/2208514\">kann<\/a> es auch anders &#8211; dann allerdings geht es um die Existenz j\u00fcdischen Leben in den umstrittenen Gebieten: \u00bbDie Bundesregierung betrachtet die Siedlungen in den Pal\u00e4stinensischen Gebieten als v\u00f6lkerrechtswidrig und ein Haupthindernis f\u00fcr die M\u00f6glichkeit einer [..] Zwei-Staaten-L\u00f6sung\u00ab.<\/p>\n<p>Im Vergleich dazu klingt der Satz, \u00bbwir verurteilen solche Gewaltakte genau wie Anstiftung dazu oder Rechtfertigung derselben mit allem Nachdruck\u00ab, der keine T\u00e4ter benennt, milde. Und so stellt die j\u00fcngste Erkl\u00e4rung Berlin \u00bbzur Lage im Nahen Osten\u00ab die ganze moralische Verkommenheit nicht unma\u00dfgeblich sozialdemokratisch gepr\u00e4gter deutscher Nahost-\u00bbPolitik\u00ab einmal mehr blo\u00df.<\/p>\n","protected":false},"excerpt":{"rendered":"<p>Nur wenige Tage nachdem \u00bbPal\u00e4stinenserpr\u00e4sident\u00ab Abu Mazen \u00bbMillionen von K\u00e4mpfern\u00ab zur Eroberung Jerusalems aufrief, ermordeten am Freitag \u00bbpal\u00e4stinensische\u00ab Terroristen bei einem Anschlag in der N\u00e4he der Ortschaft Dolev mit einem Sprengsatz ein 17 Jahre altes M\u00e4dchen. Bei dem Angriff aus einem fahrenden Auto heraus wurden der Vater der jungen Frau und ihr Bruder verletzt. Noch [&hellip;]<\/p>\n","protected":false},"author":1,"featured_media":0,"comment_status":"open","ping_status":"open","sticky":false,"template":"","format":"standard","meta":{"footnotes":""},"categories":[2],"tags":[11,38,42,49,102,165,194,374],"class_list":["post-4117","post","type-post","status-publish","format-standard","hentry","category-allgemein","tag-palaestina","tag-antisemitismus","tag-appeasement","tag-auswaertiges-amt","tag-deutschland","tag-heiko-maas","tag-israel","tag-terrorismus"],"_links":{"self":[{"href":"https:\/\/www.tw24.net\/index.php?rest_route=\/wp\/v2\/posts\/4117","targetHints":{"allow":["GET"]}}],"collection":[{"href":"https:\/\/www.tw24.net\/index.php?rest_route=\/wp\/v2\/posts"}],"about":[{"href":"https:\/\/www.tw24.net\/index.php?rest_route=\/wp\/v2\/types\/post"}],"author":[{"embeddable":true,"href":"https:\/\/www.tw24.net\/index.php?rest_route=\/wp\/v2\/users\/1"}],"replies":[{"embeddable":true,"href":"https:\/\/www.tw24.net\/index.php?rest_route=%2Fwp%2Fv2%2Fcomments&post=4117"}],"version-history":[{"count":1,"href":"https:\/\/www.tw24.net\/index.php?rest_route=\/wp\/v2\/posts\/4117\/revisions"}],"predecessor-version":[{"id":4118,"href":"https:\/\/www.tw24.net\/index.php?rest_route=\/wp\/v2\/posts\/4117\/revisions\/4118"}],"wp:attachment":[{"href":"https:\/\/www.tw24.net\/index.php?rest_route=%2Fwp%2Fv2%2Fmedia&parent=4117"}],"wp:term":[{"taxonomy":"category","embeddable":true,"href":"https:\/\/www.tw24.net\/index.php?rest_route=%2Fwp%2Fv2%2Fcategories&post=4117"},{"taxonomy":"post_tag","embeddable":true,"href":"https:\/\/www.tw24.net\/index.php?rest_route=%2Fwp%2Fv2%2Ftags&post=4117"}],"curies":[{"name":"wp","href":"https:\/\/api.w.org\/{rel}","templated":true}]}}