{"id":4171,"date":"2019-09-15T11:49:52","date_gmt":"2019-09-15T09:49:52","guid":{"rendered":"https:\/\/www.tw24.net\/?p=4171"},"modified":"2019-09-15T12:02:41","modified_gmt":"2019-09-15T10:02:41","slug":"trolle","status":"publish","type":"post","link":"https:\/\/www.tw24.net\/?p=4171","title":{"rendered":"Trolle"},"content":{"rendered":"<p>Glaubt man mancher europ\u00e4ischen Regierung oder ihrer Europ\u00e4ischen Union, gehen von ausl\u00e4ndischen M\u00e4chten oder Interessengruppen kaum zu untersch\u00e4tzende Gefahren f\u00fcr ihre Demokratien aus. So sollen etwa russische \u00bbTroll-Fabriken\u00ab versuchen, im Dienste des Kreml Einflu\u00df zu <a href=\"https:\/\/www.spiegel.de\/netzwelt\/netzpolitik\/russische-trollfabrik-eine-insiderin-berichtet-a-1036139.html\">nehmen<\/a> auf die \u00f6ffentliche Meinung in ihren L\u00e4ndern und damit auf Wahlen und politische Entscheidungen.<\/p>\n<p>Betreiber meist wenig sozialer Netzwerke wird regelm\u00e4\u00dfig vorgeworfen, zu wenig zu unternehmen gegen gezielte Desinformationskampagnen und Manipulationsversuche auch und gerade im zeitlichen Umfeld von Wahlen, die Europ\u00e4ische Kommission <a href=\"https:\/\/www.tagesspiegel.de\/politik\/kampf-gegen-fake-news-eu-kommission-erwartet-mehr-von-facebook-und-co-\/24245984.html\">dokumentiert<\/a> inzwischen sogar \u00bbin monatlichen Berichten [..], wie Facebook und Co. beim Kampf gegen Falschinformationen vorankommen\u00ab.<\/p>\n<p>Wer nun allerdings glaubt, jene Regierungen, die am sich lautesten echauffieren \u00fcber solche Beeinflussungsversuche und Propaganda ausl\u00e4ndischer M\u00e4chte, w\u00fcrden selbst sich aus Wahlk\u00e4mpfen im Ausland heraushalten, irrt. Nicht einmal angeblich befreundete L\u00e4nder sind vor ihnen sicher, wie in dieser Woche Deutschland, Frankreich, Italien, Spanien und das Vereinigte K\u00f6nigreich bewiesen.<\/p>\n<p>Mit einer <i><a href=\"https:\/\/www.auswaertiges-amt.de\/en\/newsroom\/news\/announcement-annexation-west-bank\/2246430\">Gemeinsamen Erkl\u00e4rung<\/a><\/i>, kommentierten sie einen schnell als solchen erkennbaren <a href=\"https:\/\/www.reuters.com\/article\/us-israel-netanyahu\/israels-netanyahu-announces-post-election-plan-to-annex-west-banks-jordan-valley-idUSKCN1VV21L\">Wahlkampfauftritt<\/a> Benjamin Netanjahus, der nach der anstehenden Knesset-Wahl auf eine Best\u00e4tigung im Amt des israelischen Premierministers hofft. Und auch die Europ\u00e4ische Union schreckte nicht davor zur\u00fcck, sich mit einem <i><a href=\"https:\/\/www.alaraby.co.uk\/english\/news\/2019\/9\/14\/eu-refuses-to-recognise-israeli-annexations-of-west-bank\">Statement<\/a><\/i> in den laufenden israelischen Wahlkampf einzumischen.<\/p>\n<p>Der Likud-Politiker hatte am Dienstag erkl\u00e4rt, Teile des Jordantals annektieren zu wollen, sollte er wiedergew\u00e4hlt werden. Die Stellungnahmen aus Europa sind daher ein durchschaubarer Versuch, die Wahlentscheidung der israelischen B\u00fcrger zu beeinflussen. Vielleicht sichert das plumpe Vorgehen der Europ\u00e4er Benjamin Netanjahu aber auch die Mehrheit. Ihnen jedenfalls w\u00e4re es zu w\u00fcnschen.<\/p>\n","protected":false},"excerpt":{"rendered":"<p>Glaubt man mancher europ\u00e4ischen Regierung oder ihrer Europ\u00e4ischen Union, gehen von ausl\u00e4ndischen M\u00e4chten oder Interessengruppen kaum zu untersch\u00e4tzende Gefahren f\u00fcr ihre Demokratien aus. So sollen etwa russische \u00bbTroll-Fabriken\u00ab versuchen, im Dienste des Kreml Einflu\u00df zu nehmen auf die \u00f6ffentliche Meinung in ihren L\u00e4ndern und damit auf Wahlen und politische Entscheidungen. Betreiber meist wenig sozialer Netzwerke [&hellip;]<\/p>\n","protected":false},"author":1,"featured_media":0,"comment_status":"open","ping_status":"open","sticky":false,"template":"","format":"standard","meta":{"footnotes":""},"categories":[2],"tags":[38,63,102,112,544,120,124,145,154,194,320,360],"class_list":["post-4171","post","type-post","status-publish","format-standard","hentry","category-allgemein","tag-antisemitismus","tag-benjamin-netanjahu","tag-deutschland","tag-double-standards","tag-einmischung","tag-eu","tag-europaeische-union","tag-frankreich","tag-grossbritannien","tag-israel","tag-propaganda","tag-spanien"],"_links":{"self":[{"href":"https:\/\/www.tw24.net\/index.php?rest_route=\/wp\/v2\/posts\/4171","targetHints":{"allow":["GET"]}}],"collection":[{"href":"https:\/\/www.tw24.net\/index.php?rest_route=\/wp\/v2\/posts"}],"about":[{"href":"https:\/\/www.tw24.net\/index.php?rest_route=\/wp\/v2\/types\/post"}],"author":[{"embeddable":true,"href":"https:\/\/www.tw24.net\/index.php?rest_route=\/wp\/v2\/users\/1"}],"replies":[{"embeddable":true,"href":"https:\/\/www.tw24.net\/index.php?rest_route=%2Fwp%2Fv2%2Fcomments&post=4171"}],"version-history":[{"count":1,"href":"https:\/\/www.tw24.net\/index.php?rest_route=\/wp\/v2\/posts\/4171\/revisions"}],"predecessor-version":[{"id":4172,"href":"https:\/\/www.tw24.net\/index.php?rest_route=\/wp\/v2\/posts\/4171\/revisions\/4172"}],"wp:attachment":[{"href":"https:\/\/www.tw24.net\/index.php?rest_route=%2Fwp%2Fv2%2Fmedia&parent=4171"}],"wp:term":[{"taxonomy":"category","embeddable":true,"href":"https:\/\/www.tw24.net\/index.php?rest_route=%2Fwp%2Fv2%2Fcategories&post=4171"},{"taxonomy":"post_tag","embeddable":true,"href":"https:\/\/www.tw24.net\/index.php?rest_route=%2Fwp%2Fv2%2Ftags&post=4171"}],"curies":[{"name":"wp","href":"https:\/\/api.w.org\/{rel}","templated":true}]}}