{"id":4214,"date":"2019-10-03T14:52:04","date_gmt":"2019-10-03T12:52:04","guid":{"rendered":"https:\/\/www.tw24.net\/?p=4214"},"modified":"2019-10-03T14:52:04","modified_gmt":"2019-10-03T12:52:04","slug":"friedlicher-widerstand","status":"publish","type":"post","link":"https:\/\/www.tw24.net\/?p=4214","title":{"rendered":"\u00bbFriedlicher Widerstand\u00ab"},"content":{"rendered":"<p>Am 23. August ermordeten \u00bbpal\u00e4stinensische\u00ab Terroristen bei einem Anschlag in der N\u00e4he der Ortschaft Dolev in den umstrittenen Gebieten die 17 Jahre alte Rina Shnerb. Die junge Frau war mit ihrem Bruder und ihrem Vater unterwegs, als ein Terrorkommando der PFLP einen Sprengsatz auf den Wagen der Familie abfeuerte. Rina Shnerbs Vater und ihr Bruder wurden bei dem Angriff verletzt.<\/p>\n<p>Sammer Arabid, der inzwischen von israelischen Sicherheitskr\u00e4ften festgesetzte Kopf der Terrorzelle, ist freilich ein vielfach engagierter \u00bbPal\u00e4stinenser\u00ab. Versuchte er nicht gerade, Juden zu ermorden, bet\u00e4tigte er sich als \u00bbMenschenrechtsaktivist\u00ab in der der PFLP eng verbundenen \u00bbNGO\u00ab <i>Addameer<\/i>, die ihn, wie <i>Audiatur-Online<\/i> <a href=\"https:\/\/www.audiatur-online.ch\/2019\/10\/02\/leiter-der-pflp-terrorzelle-die-rina-shnerb-ermordete-war-in-bds-organisation-aktiv\/\">dokumentiert<\/a>, \u00bbmehrere Jahre lang als Buchhalter auff\u00fchrte\u00ab.<\/p>\n<p>Auch f\u00fcr die <i>Union of Agricultural Work Committees (UAWC)<\/i>, eine weitere \u00bbzivile\u00ab Vorfeldorganisation der PFLP, war Sammer Arabid danach zeitweise als \u00bbFinanzdirektor\u00ab t\u00e4tig. Wie Addameer geh\u00f6rt auch die UAWC zum Umfeld der BDS-Bewegung, deren Behauptung, sich \u00bbfriedlich\u00ab f\u00fcr die Rechte von \u00bbPal\u00e4stinensern\u00ab einzusetzen, auch durch Sammer Arabid als die L\u00fcge entlarvt wird.<\/p>\n<p>Tats\u00e4chlich sind Organisationen wie Addameer, die aus Deutschland von der Heinrich-B\u00f6ll-Stiftung unterst\u00fctzt wurde oder noch wird, und die UAWC als Teil der \u00bbpal\u00e4stinensischen Zivilgesellschaft\u00ab, die hinter der antisemitischen Boykottbewegung steht, zu eng mit Terrororganisationen verbunden, um ihnen ihr Geschw\u00e4tz von \u00bbGewaltlosigkeit\u00ab noch abzunehmen. Antisemitismus ist immer Gewalt.<\/p>\n<p>Als im Mai 2019 im Deutschen Bundestag eine Resolution diskutiert und verabschiedet wurde, die die BDS-Bewegung als antisemitisch charakterisierte und zu ihrer \u00c4chtung aufrief, beeilten zahlreiche Abgeordnete sich, ihren eben gefa\u00dften Beschlu\u00df durch Protokollnotizen zu verw\u00e4ssern, in denen sie verlangten, er d\u00fcrfe \u00bbden Freiraum unserer [politischen] Stiftungen [..] nicht einschr\u00e4nken\u00ab.<\/p>\n<p>Sie w\u00fcrdigten damit Forderungen dieser parteinahen Stiftungen, die sich ihre T\u00e4tigkeit auch und gerade in Israel, Gaza und den umstrittenen Gebieten von der \u00d6ffentlichkeit bezahlen lassen, darunter ihre Kooperationen mit \u00bbzivilgesellschaftlichen Gruppen in Pal\u00e4stina\u00ab, \u00bbGruppen\u00ab wie Addameer oder die UAWC, die \u00bbsich f\u00fcr einen friedlichen und gewaltlosen Widerstand entschlossen\u00ab <a href=\"https:\/\/www.spiegel.de\/politik\/ausland\/israel-bds-resolution-im-bundestag-der-beschluss-geht-zu-weit-a-1268037.html\">h\u00e4tten<\/a>.<\/p>\n<p>Der Fall des PFLP-Terroristen, BDS- und \u00bbMenschenrechtsaktivisten\u00ab Sammer Arabid sollte zu einem Nachdenken in Partei- und Stiftungszentralen dar\u00fcber f\u00fchren, ob es angemessen war, wie und mit Norbert R\u00f6ttgen (CDU) zu fordern, letztere sollten \u00bbihre Arbeit weiterhin ungehindert aus\u00fcben k\u00f6nnen\u00ab. Wer BDS als \u00bbfriedlich und gewaltlos\u00ab verharmlost, leugnet m\u00f6rderischen Antisemitismus.<\/p>\n","protected":false},"excerpt":{"rendered":"<p>Am 23. August ermordeten \u00bbpal\u00e4stinensische\u00ab Terroristen bei einem Anschlag in der N\u00e4he der Ortschaft Dolev in den umstrittenen Gebieten die 17 Jahre alte Rina Shnerb. Die junge Frau war mit ihrem Bruder und ihrem Vater unterwegs, als ein Terrorkommando der PFLP einen Sprengsatz auf den Wagen der Familie abfeuerte. Rina Shnerbs Vater und ihr Bruder [&hellip;]<\/p>\n","protected":false},"author":1,"featured_media":0,"comment_status":"open","ping_status":"open","sticky":false,"template":"","format":"standard","meta":{"footnotes":""},"categories":[2],"tags":[38,42,61,79,102,557,309,374],"class_list":["post-4214","post","type-post","status-publish","format-standard","hentry","category-allgemein","tag-antisemitismus","tag-appeasement","tag-bds","tag-cdu","tag-deutschland","tag-norbert-roettgen","tag-pflp","tag-terrorismus"],"_links":{"self":[{"href":"https:\/\/www.tw24.net\/index.php?rest_route=\/wp\/v2\/posts\/4214","targetHints":{"allow":["GET"]}}],"collection":[{"href":"https:\/\/www.tw24.net\/index.php?rest_route=\/wp\/v2\/posts"}],"about":[{"href":"https:\/\/www.tw24.net\/index.php?rest_route=\/wp\/v2\/types\/post"}],"author":[{"embeddable":true,"href":"https:\/\/www.tw24.net\/index.php?rest_route=\/wp\/v2\/users\/1"}],"replies":[{"embeddable":true,"href":"https:\/\/www.tw24.net\/index.php?rest_route=%2Fwp%2Fv2%2Fcomments&post=4214"}],"version-history":[{"count":1,"href":"https:\/\/www.tw24.net\/index.php?rest_route=\/wp\/v2\/posts\/4214\/revisions"}],"predecessor-version":[{"id":4215,"href":"https:\/\/www.tw24.net\/index.php?rest_route=\/wp\/v2\/posts\/4214\/revisions\/4215"}],"wp:attachment":[{"href":"https:\/\/www.tw24.net\/index.php?rest_route=%2Fwp%2Fv2%2Fmedia&parent=4214"}],"wp:term":[{"taxonomy":"category","embeddable":true,"href":"https:\/\/www.tw24.net\/index.php?rest_route=%2Fwp%2Fv2%2Fcategories&post=4214"},{"taxonomy":"post_tag","embeddable":true,"href":"https:\/\/www.tw24.net\/index.php?rest_route=%2Fwp%2Fv2%2Ftags&post=4214"}],"curies":[{"name":"wp","href":"https:\/\/api.w.org\/{rel}","templated":true}]}}