{"id":4270,"date":"2019-10-26T12:28:05","date_gmt":"2019-10-26T10:28:05","guid":{"rendered":"https:\/\/www.tw24.net\/?p=4270"},"modified":"2019-10-26T12:28:05","modified_gmt":"2019-10-26T10:28:05","slug":"unter-druck","status":"publish","type":"post","link":"https:\/\/www.tw24.net\/?p=4270","title":{"rendered":"Unter Druck"},"content":{"rendered":"<p>Ende September <a href=\"https:\/\/ejpress.org\/un-releases-unprecedented-report-linking-anti-semitism-to-bds-movement\/\">\u00fcberraschte<\/a> Ahmed Shaheed, der Sonderberichterstatter der Vereinten Nationen f\u00fcr Religions- und Glaubensfreiheit, mit einem <a href=\"https:\/\/www.ohchr.org\/Documents\/Issues\/Religion\/A_74_47921ADV.pdf\">Bericht<\/a>, in dem er vor der BDS-Bewegung warnte: \u00bbZiele, Aktivit\u00e4ten und Wirkungen der BDS-Bewegung sind grunds\u00e4tzlich antisemitisch\u00ab. \u00bbUN-Bericht gibt Israel freie Hand, die BDS-Bewegung zu verleumden\u00ab, <a href=\"https:\/\/electronicintifada.net\/blogs\/ali-abunimah\/un-report-gives-israel-free-hand-smear-bds-movement\">sch\u00e4umten<\/a> prompt deren Anh\u00e4nger.<\/p>\n<p>An diesem Wochenende macht Ahmed Shaheed nun erneut Schlagzeilen: Er geh\u00f6rt zu den 5 Unterzeichnern eines Schreibens des UN-Hochkommissariats f\u00fcr Menschenrechte an die Regierung in Berlin, in dem der Bundestagsbeschlu\u00df vom 17. Mai ger\u00fcgt wird, mit dem die Parlamentarier der BDS-Bewegung Antisemitismus vorgeworfen und beschlossen hatten, sie nicht unterst\u00fctzen zu wollen.<\/p>\n<p>\u00bbWir m\u00f6chten unsere Sorge zum Ausdruck bringen, dass der Beschluss einen besorgniserregenden Trend setzt, die Meinungs-, Versammlungs- und Vereinigungsfreiheit unverh\u00e4ltnism\u00e4\u00dfig einzuschr\u00e4nken\u00ab, hei\u00dft es nun in dem Brief, der auch Ahmed Shaheeds Unterschrift tragen und den Heiko Maas\u2019 Ausw\u00e4rtiges Amt nun nach Angaben des Magazins innerhalb von 60 Tagen beantworten soll.<\/p>\n<p>F\u00fchrt das Schreiben der Vereinten Nationen einmal mehr vor, da\u00df die Weltorganisation eine zutiefst antisemitische ist, ist es dennoch durchaus zu begr\u00fc\u00dfen: Denn es setzt Berlin unter Druck, sich zur BDS-Bewegung und dem sie betreffenden Parlamentsbeschlu\u00df zu positionieren. Davor hatten Angela Merkel und ihr Kabinett sich n\u00e4mlich bisher selbst auf ganz ausdr\u00fcckliche Nachfrage <a href=\"https:\/\/www.welt.de\/politik\/deutschland\/article198455551\/BDS-Bewegung-Bundesregierung-sieht-keinen-Handlungsbedarf.html\">gedr\u00fcckt<\/a>.<\/p>\n<p>Auch und gerade vor dem Hintergrund, da\u00df Deutschland im Januar in den \u00bbMenschenrechtsrat\u00ab der Vereinten Nationen einziehen will, d\u00fcrfte Berlin sich jetzt nicht mehr darum herummogeln k\u00f6nnen, ganz offiziell Farbe zu bekennen, zumal selbst fortgesetztes Ausweichen einige Klarheit bringen w\u00fcrde, was zahllose Sonntagsreden voller Bekenntnisse gegen Antisemitismus tats\u00e4chlich wert sind.<\/p>\n","protected":false},"excerpt":{"rendered":"<p>Ende September \u00fcberraschte Ahmed Shaheed, der Sonderberichterstatter der Vereinten Nationen f\u00fcr Religions- und Glaubensfreiheit, mit einem Bericht, in dem er vor der BDS-Bewegung warnte: \u00bbZiele, Aktivit\u00e4ten und Wirkungen der BDS-Bewegung sind grunds\u00e4tzlich antisemitisch\u00ab. \u00bbUN-Bericht gibt Israel freie Hand, die BDS-Bewegung zu verleumden\u00ab, sch\u00e4umten prompt deren Anh\u00e4nger. An diesem Wochenende macht Ahmed Shaheed nun erneut Schlagzeilen: [&hellip;]<\/p>\n","protected":false},"author":1,"featured_media":0,"comment_status":"open","ping_status":"open","sticky":false,"template":"","format":"standard","meta":{"footnotes":""},"categories":[2],"tags":[35,38,42,61,102,165,399],"class_list":["post-4270","post","type-post","status-publish","format-standard","hentry","category-allgemein","tag-angela-merkel","tag-antisemitismus","tag-appeasement","tag-bds","tag-deutschland","tag-heiko-maas","tag-vereinte-nationen"],"_links":{"self":[{"href":"https:\/\/www.tw24.net\/index.php?rest_route=\/wp\/v2\/posts\/4270","targetHints":{"allow":["GET"]}}],"collection":[{"href":"https:\/\/www.tw24.net\/index.php?rest_route=\/wp\/v2\/posts"}],"about":[{"href":"https:\/\/www.tw24.net\/index.php?rest_route=\/wp\/v2\/types\/post"}],"author":[{"embeddable":true,"href":"https:\/\/www.tw24.net\/index.php?rest_route=\/wp\/v2\/users\/1"}],"replies":[{"embeddable":true,"href":"https:\/\/www.tw24.net\/index.php?rest_route=%2Fwp%2Fv2%2Fcomments&post=4270"}],"version-history":[{"count":1,"href":"https:\/\/www.tw24.net\/index.php?rest_route=\/wp\/v2\/posts\/4270\/revisions"}],"predecessor-version":[{"id":4271,"href":"https:\/\/www.tw24.net\/index.php?rest_route=\/wp\/v2\/posts\/4270\/revisions\/4271"}],"wp:attachment":[{"href":"https:\/\/www.tw24.net\/index.php?rest_route=%2Fwp%2Fv2%2Fmedia&parent=4270"}],"wp:term":[{"taxonomy":"category","embeddable":true,"href":"https:\/\/www.tw24.net\/index.php?rest_route=%2Fwp%2Fv2%2Fcategories&post=4270"},{"taxonomy":"post_tag","embeddable":true,"href":"https:\/\/www.tw24.net\/index.php?rest_route=%2Fwp%2Fv2%2Ftags&post=4270"}],"curies":[{"name":"wp","href":"https:\/\/api.w.org\/{rel}","templated":true}]}}