{"id":4344,"date":"2019-11-29T14:58:50","date_gmt":"2019-11-29T12:58:50","guid":{"rendered":"https:\/\/www.tw24.net\/?p=4344"},"modified":"2019-11-29T15:04:34","modified_gmt":"2019-11-29T13:04:34","slug":"spaeter-einsicht","status":"publish","type":"post","link":"https:\/\/www.tw24.net\/?p=4344","title":{"rendered":"Sp\u00e4te Einsicht?"},"content":{"rendered":"<p>In der n\u00e4chsten Woche k\u00f6nnte, wie <i>Der SPIEGEL<\/i> <a href=\"https:\/\/www.spiegel.de\/politik\/ausland\/bundesregierung-plant-hisbollah-verbot-a-1298692.html\">meldet<\/a>, die Regierung in Berlin ein Bet\u00e4tigungsverbot f\u00fcr die islamistische Terrororganisation Hisbollah erlassen. Das Verbot, auf das sich das Innen- und das Justizministerium in Abstimmung mit Heiko Maas\u2019 Ausw\u00e4rtigem Amt verst\u00e4ndigt haben sollen, soll sich auf die gesamte Hisbollah beziehen, nicht nur auf ihren \u00bbmilit\u00e4rischen Fl\u00fcgel\u00ab.<\/p>\n<p>Mit einem solchen Verbot der vom Mullah-Regime in Teheran gesteuerten \u00bbPartei Gottes\u00ab w\u00fcrde die deutsche Regierung einen durchaus bemerkenswerten Kurswechsel in ihrer Politik gegen\u00fcber der Hisbollah vollziehen. Aus Gr\u00fcnden, \u00fcber die nur spekuliert werden kann, hatte es Berlin bisher n\u00e4mlich nie besonders eilig, mit der gebotenen Ernsthaftigkeit gegen die Organisation vorzugehen.<\/p>\n<p>Auf europ\u00e4ischer Ebene scheiterte ein Verbot lange auch um Unwillen Deutschlands, und selbst noch nach dem halbherzigen Verbot ihres \u00bbmilit\u00e4rischen Fl\u00fcgels\u00ab, das erst nach einem Anschlag der Hisbollah auf israelische Touristen in Bulgarien zustande kam, lehnten Regierungs-, aber auch Oppositionsparteien ein deutsches Verbot der Gesamtorganisation ab, w\u00e4hrend andere Staaten handelten.<\/p>\n<p>Noch im M\u00e4rz lehnte der SPD-Politiker Niels Annen, der als Staatsminister im Ausw\u00e4rtigen Amt seines Parteifreunds Heiko Maas t\u00e4tig ist, ein Verbot der Organisation ab, weil sie \u00bbein relevanter gesellschaftlicher Faktor und ein Teil der komplexen innenpolitischen Lage im Libanon\u00ab sei, sogar \u00bbTeil der Regierung\u00ab. \u00c4hnlich \u00fcberzeugend stritt wenig sp\u00e4ter Omid Nouripour f\u00fcr die Hisbollah.<\/p>\n<p>\u00bbWas hier gefordert wird, erstickt die innerschiitische Opposition gegen die Hisbollah, und das k\u00f6nnen wir nicht zulassen\u00ab, kommentierte der bei B\u00fcndnis 90\/Die Gr\u00fcnen als Au\u00dfenpolitiker geltende Parlamentarier in der Bundestagsdebatte eines AfD-Antrag, die Hisbollah in Deutschland zu verbieten, den die anderen Fraktionen ablehnten, dem sie aber auch keine eigenen Antr\u00e4ge entgegensetzten.<\/p>\n<p>Sollte Berlin die Hisbollah in der n\u00e4chsten Woche <a href=\"https:\/\/twitter.com\/BMISprecher\/status\/1200075034087305216\">tats\u00e4chlich<\/a> verbieten, holt die Regierung Angela Merkels nach, was sie \u00fcber Jahre vers\u00e4umt hat, in denen Deutschland zu einem sicheren R\u00fcckzugsort f\u00fcr die Terrororganisation wurde. Nachrichten- und Geheimdienste warnten wieder und wieder vor der \u00bbPartei Gottes\u00ab, doch wurden ignoriert. Berlin mu\u00df sein (viel zu) sp\u00e4tes Handeln erkl\u00e4ren.<\/p>\n","protected":false},"excerpt":{"rendered":"<p>In der n\u00e4chsten Woche k\u00f6nnte, wie Der SPIEGEL meldet, die Regierung in Berlin ein Bet\u00e4tigungsverbot f\u00fcr die islamistische Terrororganisation Hisbollah erlassen. Das Verbot, auf das sich das Innen- und das Justizministerium in Abstimmung mit Heiko Maas\u2019 Ausw\u00e4rtigem Amt verst\u00e4ndigt haben sollen, soll sich auf die gesamte Hisbollah beziehen, nicht nur auf ihren \u00bbmilit\u00e4rischen Fl\u00fcgel\u00ab. Mit [&hellip;]<\/p>\n","protected":false},"author":1,"featured_media":0,"comment_status":"open","ping_status":"open","sticky":false,"template":"","format":"standard","meta":{"footnotes":""},"categories":[2],"tags":[42,102,165,169,192,247,569,374],"class_list":["post-4344","post","type-post","status-publish","format-standard","hentry","category-allgemein","tag-appeasement","tag-deutschland","tag-heiko-maas","tag-hisbollah","tag-islamismus","tag-libanon","tag-omid-nouripour","tag-terrorismus"],"_links":{"self":[{"href":"https:\/\/www.tw24.net\/index.php?rest_route=\/wp\/v2\/posts\/4344","targetHints":{"allow":["GET"]}}],"collection":[{"href":"https:\/\/www.tw24.net\/index.php?rest_route=\/wp\/v2\/posts"}],"about":[{"href":"https:\/\/www.tw24.net\/index.php?rest_route=\/wp\/v2\/types\/post"}],"author":[{"embeddable":true,"href":"https:\/\/www.tw24.net\/index.php?rest_route=\/wp\/v2\/users\/1"}],"replies":[{"embeddable":true,"href":"https:\/\/www.tw24.net\/index.php?rest_route=%2Fwp%2Fv2%2Fcomments&post=4344"}],"version-history":[{"count":5,"href":"https:\/\/www.tw24.net\/index.php?rest_route=\/wp\/v2\/posts\/4344\/revisions"}],"predecessor-version":[{"id":4349,"href":"https:\/\/www.tw24.net\/index.php?rest_route=\/wp\/v2\/posts\/4344\/revisions\/4349"}],"wp:attachment":[{"href":"https:\/\/www.tw24.net\/index.php?rest_route=%2Fwp%2Fv2%2Fmedia&parent=4344"}],"wp:term":[{"taxonomy":"category","embeddable":true,"href":"https:\/\/www.tw24.net\/index.php?rest_route=%2Fwp%2Fv2%2Fcategories&post=4344"},{"taxonomy":"post_tag","embeddable":true,"href":"https:\/\/www.tw24.net\/index.php?rest_route=%2Fwp%2Fv2%2Ftags&post=4344"}],"curies":[{"name":"wp","href":"https:\/\/api.w.org\/{rel}","templated":true}]}}