{"id":4521,"date":"2020-02-10T15:35:38","date_gmt":"2020-02-10T13:35:38","guid":{"rendered":"https:\/\/www.tw24.net\/?p=4521"},"modified":"2020-02-10T15:35:38","modified_gmt":"2020-02-10T13:35:38","slug":"weichgespuelte-rhetorik","status":"publish","type":"post","link":"https:\/\/www.tw24.net\/?p=4521","title":{"rendered":"Weichgesp\u00fclte Rhetorik"},"content":{"rendered":"<p>Kurz vor dem f\u00fcr Dienstag angek\u00fcndigten Auftritt Abu Mazens vor dem Sicherheitsrat der Vereinten Nationen hat Abu Rudeineh, der \u00bbSprecher\u00ab seines \u00bbPr\u00e4sidenten\u00ab, <a href=\"http:\/\/english.wafa.ps\/page.aspx?id=rR5jwua115023157062arR5jwu\">verk\u00fcndet<\/a>, \u00bbdie einzige [akzeptable] Karte f\u00fcr einen Staat Pal\u00e4stina\u00ab sei eine, die auf \u00bbden Grenzen von 1967\u00ab basiere. Das ist eine durchaus interessante \u00c4u\u00dferung eines hochrangigen Vertreters des PLO-Regimes in Ramallah.<\/p>\n<p>Denn sie wirft Fragen auf: Das offizielle Logo der Terrororganisation PLO beispielsweise zeigt ein \u00bbPal\u00e4stina\u00ab, das mit den \u00bbGrenzen von 1967\u00ab, die freilich Waffenstillstandslinien von 1948\/49 sind, nicht unbedingt viel zu tun haben. Das \u00bbPal\u00e4stina\u00ab dieses Logos l\u00e4\u00dft keinen Platz f\u00fcr einen Staat Israel, es ist eine klare Absage der PLO an eine wie auch immer aussehende Zwei-Staaten-L\u00f6sung.<\/p>\n<p>Und dieses Logo ist mit seinem \u00bbPal\u00e4stina\u00ab allgegenw\u00e4rtig dort, wo die PLO \u00bbregiert\u00ab, aber auch dar\u00fcber hinaus. Wie pa\u00dft Abu Rudeinehs Aussage dazu? Hat sich die PLO mit der Existenz Israels abgefunden, will sie sie nicht mehr beenden, wie ihre nach wie vor g\u00fcltige \u00bbNationalcharta\u00ab verspricht? Oder will Abu Rudeineh mit seiner \u00c4u\u00dferung schlicht ein internationales Publikum t\u00e4uschen?<\/p>\n<p>Darauf n\u00e4mlich versteht sich die \u00bbPal\u00e4stinenserf\u00fchrung\u00ab durchaus, auch wenn sie auch sonst nicht allzu kompetent wirkt. Dem Publikum daheim werden von ihr regelm\u00e4\u00dfig andere Botschaften vermittelt als dem internationalen. Und so sollte denn auch Abu Rudeinehs Bekenntnis zu \u00bbGrenzen von 1967\u00ab nicht mi\u00dfverstanden werden. Es ist ausdr\u00fccklich keines auch zu einem j\u00fcdischen Staat.<\/p>\n","protected":false},"excerpt":{"rendered":"<p>Kurz vor dem f\u00fcr Dienstag angek\u00fcndigten Auftritt Abu Mazens vor dem Sicherheitsrat der Vereinten Nationen hat Abu Rudeineh, der \u00bbSprecher\u00ab seines \u00bbPr\u00e4sidenten\u00ab, verk\u00fcndet, \u00bbdie einzige [akzeptable] Karte f\u00fcr einen Staat Pal\u00e4stina\u00ab sei eine, die auf \u00bbden Grenzen von 1967\u00ab basiere. Das ist eine durchaus interessante \u00c4u\u00dferung eines hochrangigen Vertreters des PLO-Regimes in Ramallah. Denn sie [&hellip;]<\/p>\n","protected":false},"author":1,"featured_media":0,"comment_status":"open","ping_status":"open","sticky":false,"template":"","format":"standard","meta":{"footnotes":""},"categories":[2],"tags":[11,16,147,278,303,313,374],"class_list":["post-4521","post","type-post","status-publish","format-standard","hentry","category-allgemein","tag-palaestina","tag-abu-mazen","tag-friedensprozess","tag-nabil-abu-rudeineh","tag-pa","tag-plo","tag-terrorismus"],"_links":{"self":[{"href":"https:\/\/www.tw24.net\/index.php?rest_route=\/wp\/v2\/posts\/4521","targetHints":{"allow":["GET"]}}],"collection":[{"href":"https:\/\/www.tw24.net\/index.php?rest_route=\/wp\/v2\/posts"}],"about":[{"href":"https:\/\/www.tw24.net\/index.php?rest_route=\/wp\/v2\/types\/post"}],"author":[{"embeddable":true,"href":"https:\/\/www.tw24.net\/index.php?rest_route=\/wp\/v2\/users\/1"}],"replies":[{"embeddable":true,"href":"https:\/\/www.tw24.net\/index.php?rest_route=%2Fwp%2Fv2%2Fcomments&post=4521"}],"version-history":[{"count":1,"href":"https:\/\/www.tw24.net\/index.php?rest_route=\/wp\/v2\/posts\/4521\/revisions"}],"predecessor-version":[{"id":4522,"href":"https:\/\/www.tw24.net\/index.php?rest_route=\/wp\/v2\/posts\/4521\/revisions\/4522"}],"wp:attachment":[{"href":"https:\/\/www.tw24.net\/index.php?rest_route=%2Fwp%2Fv2%2Fmedia&parent=4521"}],"wp:term":[{"taxonomy":"category","embeddable":true,"href":"https:\/\/www.tw24.net\/index.php?rest_route=%2Fwp%2Fv2%2Fcategories&post=4521"},{"taxonomy":"post_tag","embeddable":true,"href":"https:\/\/www.tw24.net\/index.php?rest_route=%2Fwp%2Fv2%2Ftags&post=4521"}],"curies":[{"name":"wp","href":"https:\/\/api.w.org\/{rel}","templated":true}]}}