{"id":4706,"date":"2020-04-29T15:21:15","date_gmt":"2020-04-29T13:21:15","guid":{"rendered":"https:\/\/www.tw24.net\/?p=4706"},"modified":"2020-04-29T15:21:15","modified_gmt":"2020-04-29T13:21:15","slug":"troll","status":"publish","type":"post","link":"https:\/\/www.tw24.net\/?p=4706","title":{"rendered":"Troll"},"content":{"rendered":"<p>W\u00e4re Yair Netanjahu nicht vor allem der Sohn des israelischen Premiers, er und seine h\u00e4ufigen verbalen Ausrutscher w\u00fcrden &#8211; verdient &#8211; erst ignoriert und dann hoffentlich bald vergessen, statt Schlagzeilen zu machen. Nun hat er der Europ\u00e4ischen Union Heuchelei vorgeworfen und ihr einen baldigen Untergang prophezeit, nach dem \u00bbEuropa wieder frei\u00ab sein werde, \u00bbdemokratisch und christlich\u00ab.<\/p>\n<p>Anla\u00df der j\u00fcngsten Angriffe Yair Netanjahus auf die EU war ein <i><a href=\"https:\/\/twitter.com\/EUinIsrael\/status\/1255033812670722053\">Tweet<\/a><\/i> ihrer Vertreter in Israel, mit dem sie \u00fcber ihre Teilnahme an einer \u00bbpal\u00e4stinensisch\u00ab-israelischen Gedenkveranstaltung berichtete, in deren Rahmen die Eltern get\u00f6teter \u00bbPal\u00e4stinenser\u00ab und Eltern get\u00f6teter israelischer B\u00fcrger gemeinsam an die \u00bbOpfer des Konflikts\u00ab erinnerten, eine Veranstaltung, die durchaus kritikw\u00fcrdig ist.<\/p>\n<p>Und auch die Teilnahme von EU-Vertretern an einem solchen Event &#8211; in diesem Jahr im Internet abhalten &#8211; verdiente in vielerlei Hinsicht Kritik. Immerhin ist Br\u00fcssel und sind zahlreiche Mitgliedsstaaten der EU als gr\u00f6\u00dfte Unterst\u00fctzer des Regimes in Ramallah oder etwa der UNRWA mitverantwortlich f\u00fcr jenen Terror, dessen Opfer sie im Rahmen dieses \u00bbGedenkens\u00ab vorgaben zu betrauern.<\/p>\n<p>Europa deshalb jedoch eine Re-Christianisierung zu w\u00fcnschen, diese mit Begriffen wie Freiheit und Demokratie in Zusammenhang zu bringen, verr\u00e4t neben fehlender Kinderstube eine geh\u00f6rige Ahnungslosigkeit \u00fcber das, wof\u00fcr Christentum in Europa eben <i>auch<\/i> steht: den barbarischen deutschen Antisemitismus, der in der Ausl\u00f6schung beinahe des gesamten europ\u00e4ischen Judentums gipfelte.<\/p>\n<p>Und das ist dann eine Vorstellung, neben der die existierende Europ\u00e4ische Union, so beklagenswert ihre Verfassung und so verheerend ihr Einflu\u00df nicht zuletzt im \u00bbpal\u00e4stinensisch\u00ab-israelischen Konflikt auch sein m\u00f6gen, das doch etwas zivilisiertere \u00dcbel sein d\u00fcrfte. Yair Netanjahu t\u00e4te die eine oder andere Denkpause gut, dann k\u00f6nnte ihm aus richtigem Anla\u00df noch die <i>richtige<\/i> Kritik gelingen.<\/p>\n","protected":false},"excerpt":{"rendered":"<p>W\u00e4re Yair Netanjahu nicht vor allem der Sohn des israelischen Premiers, er und seine h\u00e4ufigen verbalen Ausrutscher w\u00fcrden &#8211; verdient &#8211; erst ignoriert und dann hoffentlich bald vergessen, statt Schlagzeilen zu machen. Nun hat er der Europ\u00e4ischen Union Heuchelei vorgeworfen und ihr einen baldigen Untergang prophezeit, nach dem \u00bbEuropa wieder frei\u00ab sein werde, \u00bbdemokratisch und [&hellip;]<\/p>\n","protected":false},"author":1,"featured_media":0,"comment_status":"open","ping_status":"open","sticky":false,"template":"","format":"standard","meta":{"footnotes":""},"categories":[2],"tags":[38,120,121,194,666],"class_list":["post-4706","post","type-post","status-publish","format-standard","hentry","category-allgemein","tag-antisemitismus","tag-eu","tag-europa","tag-israel","tag-yair-netanjahu"],"_links":{"self":[{"href":"https:\/\/www.tw24.net\/index.php?rest_route=\/wp\/v2\/posts\/4706","targetHints":{"allow":["GET"]}}],"collection":[{"href":"https:\/\/www.tw24.net\/index.php?rest_route=\/wp\/v2\/posts"}],"about":[{"href":"https:\/\/www.tw24.net\/index.php?rest_route=\/wp\/v2\/types\/post"}],"author":[{"embeddable":true,"href":"https:\/\/www.tw24.net\/index.php?rest_route=\/wp\/v2\/users\/1"}],"replies":[{"embeddable":true,"href":"https:\/\/www.tw24.net\/index.php?rest_route=%2Fwp%2Fv2%2Fcomments&post=4706"}],"version-history":[{"count":1,"href":"https:\/\/www.tw24.net\/index.php?rest_route=\/wp\/v2\/posts\/4706\/revisions"}],"predecessor-version":[{"id":4707,"href":"https:\/\/www.tw24.net\/index.php?rest_route=\/wp\/v2\/posts\/4706\/revisions\/4707"}],"wp:attachment":[{"href":"https:\/\/www.tw24.net\/index.php?rest_route=%2Fwp%2Fv2%2Fmedia&parent=4706"}],"wp:term":[{"taxonomy":"category","embeddable":true,"href":"https:\/\/www.tw24.net\/index.php?rest_route=%2Fwp%2Fv2%2Fcategories&post=4706"},{"taxonomy":"post_tag","embeddable":true,"href":"https:\/\/www.tw24.net\/index.php?rest_route=%2Fwp%2Fv2%2Ftags&post=4706"}],"curies":[{"name":"wp","href":"https:\/\/api.w.org\/{rel}","templated":true}]}}